{"id":2730,"date":"2025-09-25T11:01:54","date_gmt":"2025-09-25T11:01:54","guid":{"rendered":"https:\/\/migracja.inzynier.rzeszow.pl\/?p=2730"},"modified":"2026-01-25T11:07:26","modified_gmt":"2026-01-25T11:07:26","slug":"wyjazd-na-narty-wlochy-dolina-aosty","status":"publish","type":"post","link":"https:\/\/inzynier.rzeszow.pl\/index.php\/2025\/09\/25\/wyjazd-na-narty-wlochy-dolina-aosty\/","title":{"rendered":"Wyjazd na narty &#8211; W\u0142ochy &#8211; Dolina Aosty"},"content":{"rendered":"\t\t<div data-elementor-type=\"wp-post\" data-elementor-id=\"2730\" class=\"elementor elementor-2730\" data-elementor-post-type=\"post\">\n\t\t\t\t<div class=\"elementor-element elementor-element-a86bb8d e-flex e-con-boxed e-con e-parent\" data-id=\"a86bb8d\" data-element_type=\"container\" data-e-type=\"container\">\n\t\t\t\t\t<div class=\"e-con-inner\">\n\t\t<div class=\"elementor-element elementor-element-410f3d0 e-con-full e-flex e-con e-child\" data-id=\"410f3d0\" data-element_type=\"container\" data-e-type=\"container\">\n\t\t<div class=\"elementor-element elementor-element-0161690 e-con-full e-flex e-con e-child\" data-id=\"0161690\" data-element_type=\"container\" data-e-type=\"container\">\n\t\t\t\t<div class=\"elementor-element elementor-element-833a258 elementor-widget elementor-widget-image\" data-id=\"833a258\" data-element_type=\"widget\" data-e-type=\"widget\" data-widget_type=\"image.default\">\n\t\t\t\t\t\t\t\t\t\t\t\t\t\t\t<img fetchpriority=\"high\" decoding=\"async\" width=\"1024\" height=\"536\" src=\"https:\/\/inzynier.rzeszow.pl\/wp-content\/uploads\/2026\/01\/obraz_2026-01-25_120402405-1024x536.png\" class=\"attachment-large size-large wp-image-2732\" alt=\"\" srcset=\"https:\/\/inzynier.rzeszow.pl\/wp-content\/uploads\/2026\/01\/obraz_2026-01-25_120402405-1024x536.png 1024w, https:\/\/inzynier.rzeszow.pl\/wp-content\/uploads\/2026\/01\/obraz_2026-01-25_120402405-300x157.png 300w, https:\/\/inzynier.rzeszow.pl\/wp-content\/uploads\/2026\/01\/obraz_2026-01-25_120402405-768x402.png 768w, https:\/\/inzynier.rzeszow.pl\/wp-content\/uploads\/2026\/01\/obraz_2026-01-25_120402405.png 1200w\" sizes=\"(max-width: 1024px) 100vw, 1024px\" \/>\t\t\t\t\t\t\t\t\t\t\t\t\t\t\t<\/div>\n\t\t\t\t<\/div>\n\t\t<div class=\"elementor-element elementor-element-ba0eba7 e-con-full e-flex e-con e-child\" data-id=\"ba0eba7\" data-element_type=\"container\" data-e-type=\"container\">\n\t\t\t\t<div class=\"elementor-element elementor-element-43c5e2f elementor-widget elementor-widget-text-editor\" data-id=\"43c5e2f\" data-element_type=\"widget\" data-e-type=\"widget\" data-widget_type=\"text-editor.default\">\n\t\t\t\t\t\t\t\t\t<p>Podkarpacka Okr\u0119gowa Izba In\u017cynier\u00f3w Budownictwa z<strong>aprasza czynnych cz\u0142onk\u00f3w PDK OIIB wraz z osobami towarzysz\u0105cymi na wyjazd na narty &#8211; W\u0142ochy \u2013 Dolina Aosty<\/strong>, organizowany przez Biuro Podr\u00f3\u017cy Primoris.<\/p><p><br \/><strong><span style=\"color: #ff0000;\">NAB\u00d3R WNIOSK\u00d3W W TERMINIE:<br \/>od 10.10.2025 r. (pi\u0105tek) do 24.10.2025 r. (pi\u0105tek) do godz. 12.00\u00a0<br \/>lub do wcze\u015bniejszego wyczerpania miejsc.<\/span><\/strong><br \/><br \/><strong>PRZEDSTAWIAMY OFERT\u0118 WYJAZDU Z MO\u017bLIWO\u015aCI\u0104 WYBORU WARIANU DOJAZDU NA MIEJSCE (wyjazd b\u0119dzie realizowany dla dw\u00f3ch wariant\u00f3w dojazdu):<\/strong><\/p>\t\t\t\t\t\t\t\t<\/div>\n\t\t\t\t<\/div>\n\t\t\t\t<\/div>\n\t\t\t\t\t<\/div>\n\t\t\t\t<\/div>\n\t\t<div class=\"elementor-element elementor-element-f6bdeec e-flex e-con-boxed e-con e-parent\" data-id=\"f6bdeec\" data-element_type=\"container\" data-e-type=\"container\">\n\t\t\t\t\t<div class=\"e-con-inner\">\n\t\t\t\t<div class=\"elementor-element elementor-element-84c1a4a elementor-widget__width-inherit elementor-icon-list--layout-traditional elementor-list-item-link-full_width elementor-widget elementor-widget-icon-list\" data-id=\"84c1a4a\" data-element_type=\"widget\" data-e-type=\"widget\" data-widget_type=\"icon-list.default\">\n\t\t\t\t\t\t\t<ul class=\"elementor-icon-list-items\">\n\t\t\t\t\t\t\t<li class=\"elementor-icon-list-item\">\n\t\t\t\t\t\t\t\t\t\t\t<a href=\"https:\/\/inzynier.rzeszow.pl\/wp-content\/uploads\/2026\/01\/Dolina_Aosty_Wlochy_program_wyjazdu_autokar.pdf\" target=\"_blank\">\n\n\t\t\t\t\t\t\t\t\t\t\t\t<span class=\"elementor-icon-list-icon\">\n\t\t\t\t\t\t\t<svg aria-hidden=\"true\" class=\"e-font-icon-svg e-fas-arrow-circle-right\" viewBox=\"0 0 512 512\" xmlns=\"http:\/\/www.w3.org\/2000\/svg\"><path d=\"M256 8c137 0 248 111 248 248S393 504 256 504 8 393 8 256 119 8 256 8zm-28.9 143.6l75.5 72.4H120c-13.3 0-24 10.7-24 24v16c0 13.3 10.7 24 24 24h182.6l-75.5 72.4c-9.7 9.3-9.9 24.8-.4 34.3l11 10.9c9.4 9.4 24.6 9.4 33.9 0L404.3 273c9.4-9.4 9.4-24.6 0-33.9L271.6 106.3c-9.4-9.4-24.6-9.4-33.9 0l-11 10.9c-9.5 9.6-9.3 25.1.4 34.4z\"><\/path><\/svg>\t\t\t\t\t\t<\/span>\n\t\t\t\t\t\t\t\t\t\t<span class=\"elementor-icon-list-text\">WARIANT I \u2013 przejazd autokarem<\/span>\n\t\t\t\t\t\t\t\t\t\t\t<\/a>\n\t\t\t\t\t\t\t\t\t<\/li>\n\t\t\t\t\t\t<\/ul>\n\t\t\t\t\t\t<\/div>\n\t\t\t\t\t<\/div>\n\t\t\t\t<\/div>\n\t\t<div class=\"elementor-element elementor-element-71433ff e-flex e-con-boxed e-con e-parent\" data-id=\"71433ff\" data-element_type=\"container\" data-e-type=\"container\">\n\t\t\t\t\t<div class=\"e-con-inner\">\n\t\t\t\t<div class=\"elementor-element elementor-element-8d5125d elementor-widget elementor-widget-text-editor\" data-id=\"8d5125d\" data-element_type=\"widget\" data-e-type=\"widget\" data-widget_type=\"text-editor.default\">\n\t\t\t\t\t\t\t\t\t<p><strong>TERMIN: 27.02.2026 r. &#8211; 08.03.2026 r.<br \/>KOSZT: 4 850,00 z\u0142<\/strong><br \/><em><span style=\"text-decoration: line-through;\">&#8211;\u00a0 \u00a0 dop\u0142ata do pokoju jednoosobowego &#8211; 790,00 z\u0142<\/span>\u00a0&#8211;\u00a0<\/em><span style=\"color: #ff0000;\"><strong>BRAK<\/strong><\/span><em><br \/><\/em><br \/><strong>PROGRAM:<\/strong><br \/>27\/28.02.2026 r. &#8211; wyjazd z Polski (Rzesz\u00f3w, ul. Krakowska 289), przejazd do W\u0142och. Zakwaterowanie i odpoczynek w hotelu.<br \/>01-06.03.2026 r. &#8211; jazda w o\u015brodkach Doliny Aosty &#8211; program i kolejno\u015b\u0107 dni uzale\u017cniona jest od warunk\u00f3w pogodowych:<br \/>\u2022\u00a0 \u00a0 COURMAYEUR\u00a0<br \/>Nazywane \u201ePer\u0142\u0105 Alp\u201d Courmayeur jest presti\u017cowym kurortem narciarskim, z infrastruktur\u0105 na najwy\u017cszym poziomie i pewnymi warunkami \u015bniegowymi. Nad miasteczkiem g\u00f3ruje s\u0142ynny Mont Blanc &#8211; mi\u0142o\u015bnikom mocnych wra\u017ce\u0144 proponujemy lot helikopterem wok\u00f3\u0142 tego najwy\u017cszego szczytu Alp.<br \/>\u2022\u00a0 \u00a0 LA THUILE &#8211; LA ROSIERE<br \/>W otoczeniu masywu Mont Blanc, z panoramicznym widokiem na dolin\u0119 Is\u00e8re wita narciarzy hu\u015btawka Espace San Bernardo, \u0142\u0105cz\u0105ca w\u0142osk\u0105 stacj\u0119 La Thuile z francusk\u0105 La Rosiere. R\u00f3\u017cnorodno\u015b\u0107 nartostrad o \u0142\u0105cznej d\u0142ugo\u015bci 160 km przyprawia o szybsze bicie serca ka\u017cdego wielbiciela bia\u0142ego puchu!<br \/>\u2022\u00a0 \u00a0 MONTE ROSA + WIECZ\u00d3R W KASYNIE<br \/>Tym razem proponujemy szusowanie w majestatycznym o\u015brodku Monte Rosa, le\u017c\u0105cym na pograniczu W\u0142och i Szwajcarii. Rozleg\u0142e tereny tej s\u0142ynnej narciarskiej hu\u015btawki obejmuj\u0105 obszar trzech dolin: Valsesia, Val d`Ayas i Val di Gressoney. Wieczorem, po dniu na stokach Monte Rosy, zapraszamy na spacer i wizyt\u0119 w kasynie w miejscowo\u015bci Saint Vincent.<br \/>\u2022\u00a0 \u00a0 BREUIL CERVINIA &#8211; VALTOURNENCHE<br \/>Imponuj\u0105ce tereny narciarskie o\u015brodka Breuil-Cervinia oferuj\u0105 nartostrady po\u0142o\u017cone na wysoko\u015bciach do 3500 m n.p.m.! Bogactwo wspaniale przygotowanych tras, zniewalaj\u0105ce widoki na pot\u0119\u017cny Matterhorn oraz liczne atrakcje pozanarciarskie gwarantuj\u0105 niezapomniane wra\u017cenia. Po wykupieniu suplementu do karnetu, istnieje mo\u017cliwo\u015b\u0107 jazdy w szwajcarskim o\u015brodku Zermatt, kt\u00f3ry wraz z Cervini\u0105 oddaje do dyspozycji ponad 360 km tras.<br \/>\u2022\u00a0 \u00a0 PILA<br \/>Zapraszamy na r\u00f3\u017cnorodne trasy lubianego o\u015brodka Pila \u2013 g\u00f3ruj\u0105cego nad Aost\u0105 kompleksu narciarskiego, z doskonale rozbudowan\u0105 infrastruktur\u0105 sportow\u0105. Na terenie o\u015brodka znajduje si\u0119 r\u00f3wnie\u017c mn\u00f3stwo dodatkowych zimowych atrakcji zar\u00f3wno dla dzieci jak i doros\u0142ych.\u00a0<br \/>\u00a007\/08.02.2026 r. &#8211; poranne wykwaterowanie z hotelu, wyjazd z W\u0142och. Przyjazd do Polski w godzinach nocnych \/ porannych dnia nast\u0119pnego.<br \/>ZAKWATEROWANIE:<br \/>Hotel: Comtes de Challant w Fenis &#8211; hotel \u2605\u2605\u2605<br \/>Wy\u017cywienie: Rodzinna restauracja serwuje dania kuchni w\u0142oskiej i tradycyjne lokalne specja\u0142y z regionu. Posi\u0142ki serwowane s\u0105 w hotelowej restauracji. \u015aniadanie w formie bufetu obejmuje s\u0142odkie i s\u0142one potrawy, w\u0119dliny i sery. Kolacja sk\u0142ada si\u0119 z pierwszego i drugiego dania oraz deseru.<br \/>Atrakcje po nartach: Wieczorami mo\u017cna uda\u0107 si\u0119 do hotelowego baru, gdzie serwowane s\u0105 w\u0142oskie specja\u0142y jak Aperol. Hotel po\u0142o\u017cony jest o ok. 600 m od zamku, kt\u00f3ry mo\u017cna zwiedzi\u0107 o ka\u017cdej porze roku. Hotel nie posiada skiroomu, buty mo\u017cna zabra\u0107 do pokoju, ale zalecamy zabranie w\u0142asnych grza\u0142ek do but\u00f3w.<br \/><br \/><strong>CENA ZAWIERA:<\/strong><br \/>\u2022\u00a0 \u00a0 zakwaterowanie: 7 nocleg\u00f3w w hotelu ***<br \/>\u2022\u00a0 \u00a0 wy\u017cywienie: 7 \u015bniada\u0144 (napoje wliczone), 7 obiadokolacji (napoje za dodatkow\u0105 op\u0142at\u0105)<br \/>\u2022\u00a0 \u00a0 karnet narciarski: 6-dniowy skipass SISKI Val d&#8217;Aosta<br \/>\u2022\u00a0 \u00a0 transport wg wybranej opcji: autokar<br \/>\u2022\u00a0 \u00a0 codzienne transfery na stoki<br \/>\u2022\u00a0 \u00a0 ubezpieczenie Signal Iduna Bezpieczne Podr\u00f3\u017ce, na podstawie Umowy Generalnej nr 201128, wariant TRAVEL, zakres standard, rozszerzone o ryzyko amatorskiego uprawiania sport\u00f3w letnich i zimowych &#8211; koszty leczenia za granic\u0105 do 30.000 EUR, nast\u0119pstwa nieszcz\u0119\u015bliwych wypadk\u00f3w do 20.000 PLN oraz baga\u017c podr\u00f3\u017cny do 1000 PLN<br \/>\u2022\u00a0 \u00a0 pakiet narciarski: ubezpieczenie odpowiedzialno\u015bci cywilnej do 30.000 EUR oraz sprz\u0119tu sportowego do 1.000 PLN\u00a0<br \/>\u2022\u00a0 \u00a0 opiek\u0119 pilota<br \/>\u2022\u00a0 \u00a0 sk\u0142adk\u0119 na Turystyczny Fundusz Gwarancyjny<br \/>\u2022\u00a0 \u00a0 sk\u0142adk\u0119 na Turystyczny Fundusz Pomocowy<br \/>\u2022\u00a0 \u00a0 podatek VAT<br \/><strong><br \/>CENA NIE ZAWIERA:<\/strong><br \/>\u2022\u00a0 \u00a0\u00a0<span style=\"text-decoration: line-through;\">dop\u0142aty za pok\u00f3j jednoosobowy: 790 z\u0142 (dost\u0119pne s\u0105 3 pokoje jednoosobwe)<\/span><br \/>\u2022\u00a0 \u00a0 bezzwrotnej op\u0142aty za skipass &#8211; 2 EUR \/ osob\u0119<br \/>\u2022\u00a0 \u00a0 napoi do obiadokolacji<br \/>\u2022\u00a0 \u00a0 taksy klimatycznej &#8211; ok. 1,00 EUR \/ osob\u0119 \/ dzie\u0144 &#8211; p\u0142atne na miejscu<br \/>\u2022\u00a0 \u00a0 szkolenie narciarskie z instruktorem \u2013 180 z\u0142\/1h\/osob\u0119<br \/>\u2022\u00a0 \u00a0 w\u0119dr\u00f3wka z pochodniami \u2013 ok. 5 EUR\/os.<br \/>\u2022\u00a0 \u00a0 wst\u0119p do zamku Fenis \u2013 ok. 10 EUR\/os.<br \/>\u2022\u00a0 \u00a0 wiecz\u00f3r w kasynie<br \/>\u2022\u00a0 \u00a0 1-dniowy suplement do karnetu narciarskiego umo\u017cliwiaj\u0105cy jazd\u0119 w szwajcarskim o\u015brodku Zermatt \u2013 ok. 50 EUR\/os.<br \/>Wszystkie atrakcje wymienione w programie b\u0119d\u0105 realizowane przy zebraniu si\u0119 co najmniej 10 os\u00f3b.\u00a0<br \/><br \/><a href=\"https:\/\/inzynier.rzeszow.pl\/download\/szkolenie_2025\/Dolina_Aosty_W%C5%82ochy_program_wyjazdu_samolot.pdf\" target=\"_blank\" rel=\"noopener\"><br \/>WARIANT II \u2013 przelot samolotem &gt;&gt;<\/a><br \/><br \/><strong>TERMIN: 28.02.2026 r. &#8211; 07.03.2026 r.<br \/>KOSZT: 5 450,00 z\u0142<\/strong><em><br \/><span style=\"text-decoration: line-through;\">&#8211;\u00a0 \u00a0 dop\u0142ata do pokoju jednoosobowego &#8211; 790,00 z\u0142\u00a0<\/span>&#8211;\u00a0<\/em><span style=\"color: #ff0000;\"><strong>BRAK\u00a0<\/strong><\/span><em><br \/><\/em><br \/><strong>PROGRAM:<\/strong><br \/>28.02.2026 r. &#8211; wylot z Polski (port lotniczy Balice-Krak\u00f3w), transfer z lotniska do hotelu. Zakwaterowanie i odpoczynek w hotelu.<br \/>01 \u2013 06.03.2026 r. &#8211; jazda w o\u015brodkach Doliny Aosty &#8211; program i kolejno\u015b\u0107 dni uzale\u017cniona jest od warunk\u00f3w pogodowych:<br \/>\u2022\u00a0 \u00a0 COURMAYEUR\u00a0<br \/>Nazywane \u201ePer\u0142\u0105 Alp\u201d Courmayeur jest presti\u017cowym kurortem narciarskim, z infrastruktur\u0105 na najwy\u017cszym poziomie i pewnymi warunkami \u015bniegowymi. Nad miasteczkiem g\u00f3ruje s\u0142ynny Mont Blanc &#8211; mi\u0142o\u015bnikom mocnych wra\u017ce\u0144 proponujemy lot helikopterem wok\u00f3\u0142 tego najwy\u017cszego szczytu Alp.<br \/>\u2022\u00a0 \u00a0 LA THUILE &#8211; LA ROSIERE<br \/>W otoczeniu masywu Mont Blanc, z panoramicznym widokiem na dolin\u0119 Is\u00e8re wita narciarzy hu\u015btawka Espace San Bernardo, \u0142\u0105cz\u0105ca w\u0142osk\u0105 stacj\u0119 La Thuile z francusk\u0105 La Rosiere. R\u00f3\u017cnorodno\u015b\u0107 nartostrad o \u0142\u0105cznej d\u0142ugo\u015bci 160 km przyprawia o szybsze bicie serca ka\u017cdego wielbiciela bia\u0142ego puchu!<br \/>\u2022\u00a0 \u00a0 MONTE ROSA + WIECZ\u00d3R W KASYNIE<br \/>Tym razem proponujemy szusowanie w majestatycznym o\u015brodku Monte Rosa, le\u017c\u0105cym na pograniczu W\u0142och i Szwajcarii. Rozleg\u0142e tereny tej s\u0142ynnej narciarskiej hu\u015btawki obejmuj\u0105 obszar trzech dolin: Valsesia, Val d`Ayas i Val di Gressoney. Wieczorem, po dniu na stokach Monte Rosy, zapraszamy na spacer i wizyt\u0119 w kasynie w miejscowo\u015bci Saint Vincent.<br \/>\u2022\u00a0 \u00a0 BREUIL CERVINIA &#8211; VALTOURNENCHE<br \/>Imponuj\u0105ce tereny narciarskie o\u015brodka Breuil-Cervinia oferuj\u0105 nartostrady po\u0142o\u017cone na wysoko\u015bciach do 3500 m n.p.m.! Bogactwo wspaniale przygotowanych tras, zniewalaj\u0105ce widoki na pot\u0119\u017cny Matterhorn oraz liczne atrakcje pozanarciarskie gwarantuj\u0105 niezapomniane wra\u017cenia. Po wykupieniu suplementu do karnetu, istnieje mo\u017cliwo\u015b\u0107 jazdy w szwajcarskim o\u015brodku Zermatt, kt\u00f3ry wraz z Cervini\u0105 oddaje do dyspozycji ponad 360 km tras.<br \/>\u2022\u00a0 \u00a0 PILA<br \/>Zapraszamy na r\u00f3\u017cnorodne trasy lubianego o\u015brodka Pila \u2013 g\u00f3ruj\u0105cego nad Aost\u0105 kompleksu narciarskiego, z doskonale rozbudowan\u0105 infrastruktur\u0105 sportow\u0105. Na terenie o\u015brodka znajduje si\u0119 r\u00f3wnie\u017c mn\u00f3stwo dodatkowych zimowych atrakcji zar\u00f3wno dla dzieci jak i doros\u0142ych.\u00a0<br \/>07.03.2026 r.\u00a0 &#8211; poranne wykwaterowanie z hotelu, transfer na lotnisko, wylot z W\u0142och. Odbi\u00f3r baga\u017cy w godzinach nocnych \/ porannych dnia nast\u0119pnego.<br \/><strong><br \/>CENA ZAWIERA:<\/strong><br \/>\u2022\u00a0 \u00a0 zakwaterowanie: 7 nocleg\u00f3w w hotelu ***<br \/>\u2022\u00a0 \u00a0 wy\u017cywienie: 7 \u015bniada\u0144 (napoje wliczone), 7 obiadokolacji (napoje za dodatkow\u0105 op\u0142at\u0105)<br \/>\u2022\u00a0 \u00a0 karnet narciarski: 6-dniowy skipass SISKI Val d&#8217;Aosta<br \/>\u2022\u00a0 \u00a0 transport wg wybranej opcji: przelot samolotem wraz z transferem lotnisko &#8211; hotel &#8211; lotnisko, op\u0142aty lotniskowe, przew\u00f3z 1 baga\u017cu podr\u0119cznego o wymiarach 40x20x25cm<br \/>\u2022\u00a0 \u00a0 przew\u00f3z 1 pary nart oraz baga\u017cu g\u0142\u00f3wnego do 20 kg autokarem, po dostarczeniu na miejsce zbi\u00f3rki (27.02.2026 r., ul. Krakowska 289, 35-213 Rzesz\u00f3w)<br \/>\u2022\u00a0 \u00a0 codzienne transfery na stoki\u00a0<br \/>\u2022\u00a0 \u00a0 ubezpieczenie Signal Iduna Bezpieczne Podr\u00f3\u017ce, na podstawie Umowy Generalnej nr 201128, wariant TRAVEL, zakres standard, rozszerzone o ryzyko amatorskiego uprawiania sport\u00f3w letnich i zimowych &#8211; koszty leczenia za granic\u0105 do 30.000 EUR, nast\u0119pstwa nieszcz\u0119\u015bliwych wypadk\u00f3w do 20.000 PLN oraz baga\u017c podr\u00f3\u017cny do 1000 PLN<br \/>\u2022\u00a0 \u00a0 pakiet narciarski: ubezpieczenie odpowiedzialno\u015bci cywilnej do 30.000 EUR oraz sprz\u0119tu sportowego do 1.000 PLN\u00a0<br \/>\u2022\u00a0 \u00a0 opiek\u0119 pilota<br \/>\u2022\u00a0 \u00a0 sk\u0142adk\u0119 na Turystyczny Fundusz Gwarancyjny<br \/>\u2022\u00a0 \u00a0 sk\u0142adk\u0119 na Turystyczny Fundusz Pomocowy<br \/>\u2022\u00a0 \u00a0 podatek VAT<br \/><br \/><strong>CENA NIE ZAWIERA:<\/strong><br \/>\u2022\u00a0 \u00a0\u00a0<span style=\"text-decoration: line-through;\">dop\u0142aty za pok\u00f3j jednoosobowy: 790 z\u0142 (dost\u0119pne s\u0105 3 pokoje jednoosobwe)<\/span><br \/>\u2022\u00a0 \u00a0 bezzwrotnej op\u0142aty za skipass &#8211; 2 EUR \/ osob\u0119<br \/>\u2022\u00a0 \u00a0 napoi do obiadokolacji<br \/>\u2022\u00a0 \u00a0 taksy klimatycznej &#8211; ok. 1,00 EUR \/ osob\u0119 \/ dzie\u0144 &#8211; p\u0142atne na miejscu<br \/>\u2022\u00a0 \u00a0 szkolenie narciarskie z instruktorem \u2013 180 z\u0142\/1h\/osob\u0119<br \/>\u2022\u00a0 \u00a0 w\u0119dr\u00f3wka z pochodniami \u2013 ok. 5 EUR\/os.<br \/>\u2022\u00a0 \u00a0 wst\u0119p do zamku Fenis \u2013 ok. 10 EUR\/os.<br \/>\u2022\u00a0 \u00a0 wiecz\u00f3r w kasynie<br \/>\u2022\u00a0 \u00a0 1-dniowy suplement do karnetu narciarskiego umo\u017cliwiaj\u0105cy jazd\u0119 w szwajcarskim o\u015brodku Zermatt \u2013 ok. 50 EUR\/os.<br \/>Wszystkie atrakcje wymienione w programie b\u0119d\u0105 realizowane przy zebraniu si\u0119 co najmniej 10 os\u00f3b.\u00a0<br \/><strong><br \/>Dla zainteresowanych wyjazdem informujemy, \u017ce wnioski przyjmowane b\u0119d\u0105 od 10.10.2025 r. (pi\u0105tek) do 24.10.2025 r. (pi\u0105tek) do godz. 12.00 lub do wcze\u015bniejszego wyczerpania miejsc.\u00a0<\/strong><br \/>Decyduje kolejno\u015b\u0107 zg\u0142osze\u0144. Wnioski z\u0142o\u017cone przed i po wyznaczonym terminie nie b\u0119d\u0105 brane pod uwag\u0119.<br \/>\u00a0<br \/><strong>W zwi\u0105zku z konieczno\u015bci\u0105 wp\u0142aty zaliczki na poczet rezerwacji informujemy, \u017ce osoby zg\u0142aszaj\u0105ce ch\u0119\u0107 uczestnictwa w wyje\u017adzie i zakwalifikowane wst\u0119pnie na list\u0119 uczestnik\u00f3w &#8211; zostan\u0105 zobowi\u0105zane do bezzw\u0142ocznego uiszczenia wp\u0142aty 30% ca\u0142ej kwoty wyjazdu.\u00a0 Dane dotycz\u0105ce wp\u0142at zostan\u0105 przekazane e-mailowo do os\u00f3b zakwalifikowanych do udzia\u0142u w wyje\u017adzie.<\/strong><\/p><p>Zach\u0119camy do wyrobienia\u00a0<a href=\"https:\/\/pacjent.gov.pl\/ekuz\" target=\"_blank\" rel=\"noopener\"><strong>Europejskiej Karty Ubezpieczenia Zdrowotnego<\/strong><\/a>.<br \/><br \/>Zg\u0142oszenia ch\u0119ci uczestnictwa w wyje\u017adzie (wnioski) prosimy przesy\u0142a\u0107 na druku\u00a0<a href=\"https:\/\/inzynier.rzeszow.pl\/pliki_do_pobrania\/Szkolenia\/wniosek%20o%20dofinansowanie%20wycieczki%20(organizowanej%20lub%20wspolorganizowanej%20przez%20PDK%20OIIB).doc\" target=\"_blank\" rel=\"noopener\">wniosek o dofinansowanie wycieczki<\/a>\u00a0(organizowanej przez PDK OIIB) w terminie wy\u017cej opisanym do biura PDK OIIB:<br \/>&#8211; drog\u0105 elektroniczn\u0105 na adres e-mailowy:\u00a0<a href=\"mailto:dofinansowania@inzynier.rzeszow.pl\" target=\"_blank\" rel=\"noopener\">dofinansowania@inzynier.rzeszow.pl<\/a><br \/>&#8211; osobi\u015bcie: ul Krakowska 289, pok. 108, tel. 17 777 64 55<br \/><strong>W zg\u0142oszeniu prosimy wskaza\u0107:<\/strong><br \/>&#8211; kt\u00f3ry wariant przejazdu Pa\u0144stwo wybieracie<br \/>&#8211; jaki pok\u00f3j Pa\u0144stwo wybieracie (dwuosobowy\/jednoosobowy (+dop\u0142ata 790,00 z\u0142)<br \/><br \/><br \/><em>Zgodnie Regulaminem wspierania doskonalenia zawodowego ka\u017cdy czynny cz\u0142onek Izby mo\u017ce z\u0142o\u017cy\u0107 wniosek do Komisji Doskonalenia Zawodowego i uzyska\u0107 dofinansowanie do 50% koszt\u00f3w wyjazdu, lecz nie wi\u0119cej ni\u017c 650 z\u0142 w zale\u017cno\u015bci od wykorzystanego ju\u017c w danym roku dofinansowania.<br \/>Osob\u0119 towarzysz\u0105c\u0105 nale\u017cy zg\u0142asza\u0107 na wniosku wraz z cz\u0142onkiem Izby.<br \/>Odp\u0142atno\u015b\u0107 za udzia\u0142 os\u00f3b towarzysz\u0105cych nieb\u0119d\u0105cych cz\u0142onkami PDK OIIB wynosi 100% koszt\u00f3w wycieczki.<br \/>Ponadto:<br \/>W przypadku rezygnacji uczestnika &#8211; cz\u0142onka PDK OIIB po terminie rezygnacji okre\u015blonym przez organizatora wyjazdu i bez wykupienia polisy ubezpieczeniowej &#8211; zwrot koszt\u00f3w w przypadku rezygnacji, uczestnik mo\u017ce na swoje miejsce znale\u017a\u0107 osob\u0119 na zast\u0119pstwo &#8211; cz\u0142onka PDK OIIB*. Osobie, kt\u00f3ra zast\u0105pi uczestnika przys\u0142uguje dofinansowanie przys\u0142uguj\u0105ce jej na dany rok.<br \/>Uczestnik, kt\u00f3ry zrezygnowa\u0142 po terminie okre\u015blonym przez organizatora, w kt\u00f3rym mo\u017cna odst\u0105pi\u0107 od udzia\u0142u w wyje\u017adzie, nie wykupi\u0142 polisy ubezpieczeniowej &#8211; zwrot koszt\u00f3w w przypadku rezygnacji i nie znalaz\u0142 osoby &#8211; cz\u0142onka PDK OIIB na zast\u0119pstwo nie otrzymuje zwrotu wp\u0142aconych pieni\u0119dzy tytu\u0142em udzia\u0142u w wyje\u017adzie i traci przyznane dofinansowanie na dany rok.<br \/>Powy\u017csze informacje dotycz\u0105 r\u00f3wnie\u017c os\u00f3b towarzysz\u0105cych.<br \/><\/em><\/p>\t\t\t\t\t\t\t\t<\/div>\n\t\t\t\t\t<\/div>\n\t\t\t\t<\/div>\n\t\t\t\t<\/div>\n\t\t","protected":false},"excerpt":{"rendered":"<p>Podkarpacka Okr\u0119gowa Izba In\u017cynier\u00f3w Budownictwa zaprasza czynnych cz\u0142onk\u00f3w PDK OIIB wraz z osobami towarzysz\u0105cymi na wyjazd na narty &#8211; W\u0142ochy [&hellip;]<\/p>\n","protected":false},"author":1,"featured_media":2732,"comment_status":"closed","ping_status":"closed","sticky":false,"template":"","format":"standard","meta":{"site-sidebar-layout":"default","site-content-layout":"","ast-site-content-layout":"default","site-content-style":"default","site-sidebar-style":"default","ast-global-header-display":"","ast-banner-title-visibility":"","ast-main-header-display":"","ast-hfb-above-header-display":"","ast-hfb-below-header-display":"","ast-hfb-mobile-header-display":"","site-post-title":"","ast-breadcrumbs-content":"","ast-featured-img":"","footer-sml-layout":"","ast-disable-related-posts":"","theme-transparent-header-meta":"","adv-header-id-meta":"","stick-header-meta":"","header-above-stick-meta":"","header-main-stick-meta":"","header-below-stick-meta":"","astra-migrate-meta-layouts":"default","ast-page-background-enabled":"default","ast-page-background-meta":{"desktop":{"background-color":"var(--ast-global-color-5)","background-image":"","background-repeat":"repeat","background-position":"center center","background-size":"auto","background-attachment":"scroll","background-type":"","background-media":"","overlay-type":"","overlay-color":"","overlay-opacity":"","overlay-gradient":""},"tablet":{"background-color":"","background-image":"","background-repeat":"repeat","background-position":"center center","background-size":"auto","background-attachment":"scroll","background-type":"","background-media":"","overlay-type":"","overlay-color":"","overlay-opacity":"","overlay-gradient":""},"mobile":{"background-color":"","background-image":"","background-repeat":"repeat","background-position":"center center","background-size":"auto","background-attachment":"scroll","background-type":"","background-media":"","overlay-type":"","overlay-color":"","overlay-opacity":"","overlay-gradient":""}},"ast-content-background-meta":{"desktop":{"background-color":"var(--ast-global-color-4)","background-image":"","background-repeat":"repeat","background-position":"center center","background-size":"auto","background-attachment":"scroll","background-type":"","background-media":"","overlay-type":"","overlay-color":"","overlay-opacity":"","overlay-gradient":""},"tablet":{"background-color":"var(--ast-global-color-4)","background-image":"","background-repeat":"repeat","background-position":"center center","background-size":"auto","background-attachment":"scroll","background-type":"","background-media":"","overlay-type":"","overlay-color":"","overlay-opacity":"","overlay-gradient":""},"mobile":{"background-color":"var(--ast-global-color-4)","background-image":"","background-repeat":"repeat","background-position":"center center","background-size":"auto","background-attachment":"scroll","background-type":"","background-media":"","overlay-type":"","overlay-color":"","overlay-opacity":"","overlay-gradient":""}},"footnotes":""},"categories":[9,11],"tags":[],"class_list":["post-2730","post","type-post","status-publish","format-standard","has-post-thumbnail","hentry","category-wycieczki","category-wycieczki-integracyjne-rok-2026"],"yoast_head":"<!-- This site is optimized with the Yoast SEO plugin v27.5 - https:\/\/yoast.com\/product\/yoast-seo-wordpress\/ -->\n<title>Wyjazd na narty - W\u0142ochy - Dolina Aosty - Podkarpacka Okregowa Izba Inzynierow Budownictwa<\/title>\n<meta name=\"robots\" content=\"index, follow, max-snippet:-1, max-image-preview:large, max-video-preview:-1\" \/>\n<link rel=\"canonical\" href=\"https:\/\/inzynier.rzeszow.pl\/index.php\/2025\/09\/25\/wyjazd-na-narty-wlochy-dolina-aosty\/\" \/>\n<meta property=\"og:locale\" content=\"pl_PL\" \/>\n<meta property=\"og:type\" content=\"article\" \/>\n<meta property=\"og:title\" content=\"Wyjazd na narty - W\u0142ochy - Dolina Aosty - Podkarpacka Okregowa Izba Inzynierow Budownictwa\" \/>\n<meta property=\"og:description\" content=\"Podkarpacka Okr\u0119gowa Izba In\u017cynier\u00f3w Budownictwa zaprasza czynnych cz\u0142onk\u00f3w PDK OIIB wraz z osobami towarzysz\u0105cymi na wyjazd na narty &#8211; W\u0142ochy [&hellip;]\" \/>\n<meta property=\"og:url\" content=\"https:\/\/inzynier.rzeszow.pl\/index.php\/2025\/09\/25\/wyjazd-na-narty-wlochy-dolina-aosty\/\" \/>\n<meta property=\"og:site_name\" content=\"Podkarpacka Okregowa Izba Inzynierow Budownictwa\" \/>\n<meta property=\"article:published_time\" content=\"2025-09-25T11:01:54+00:00\" \/>\n<meta property=\"article:modified_time\" content=\"2026-01-25T11:07:26+00:00\" \/>\n<meta property=\"og:image\" content=\"https:\/\/inzynier.rzeszow.pl\/wp-content\/uploads\/2026\/01\/obraz_2026-01-25_120402405.png\" \/>\n\t<meta property=\"og:image:width\" content=\"1200\" \/>\n\t<meta property=\"og:image:height\" content=\"628\" \/>\n\t<meta property=\"og:image:type\" content=\"image\/png\" \/>\n<meta name=\"author\" content=\"admin\" \/>\n<meta name=\"twitter:card\" content=\"summary_large_image\" \/>\n<meta name=\"twitter:label1\" content=\"Napisane przez\" \/>\n\t<meta name=\"twitter:data1\" content=\"admin\" \/>\n\t<meta name=\"twitter:label2\" content=\"Szacowany czas czytania\" \/>\n\t<meta name=\"twitter:data2\" content=\"9 minut\" \/>\n<script type=\"application\/ld+json\" class=\"yoast-schema-graph\">{\"@context\":\"https:\\\/\\\/schema.org\",\"@graph\":[{\"@type\":\"Article\",\"@id\":\"https:\\\/\\\/inzynier.rzeszow.pl\\\/index.php\\\/2025\\\/09\\\/25\\\/wyjazd-na-narty-wlochy-dolina-aosty\\\/#article\",\"isPartOf\":{\"@id\":\"https:\\\/\\\/inzynier.rzeszow.pl\\\/index.php\\\/2025\\\/09\\\/25\\\/wyjazd-na-narty-wlochy-dolina-aosty\\\/\"},\"author\":{\"name\":\"admin\",\"@id\":\"https:\\\/\\\/inzynier.rzeszow.pl\\\/#\\\/schema\\\/person\\\/21ca162d893bdc5760a95d704e9b1e39\"},\"headline\":\"Wyjazd na narty &#8211; W\u0142ochy &#8211; Dolina Aosty\",\"datePublished\":\"2025-09-25T11:01:54+00:00\",\"dateModified\":\"2026-01-25T11:07:26+00:00\",\"mainEntityOfPage\":{\"@id\":\"https:\\\/\\\/inzynier.rzeszow.pl\\\/index.php\\\/2025\\\/09\\\/25\\\/wyjazd-na-narty-wlochy-dolina-aosty\\\/\"},\"wordCount\":1779,\"image\":{\"@id\":\"https:\\\/\\\/inzynier.rzeszow.pl\\\/index.php\\\/2025\\\/09\\\/25\\\/wyjazd-na-narty-wlochy-dolina-aosty\\\/#primaryimage\"},\"thumbnailUrl\":\"https:\\\/\\\/inzynier.rzeszow.pl\\\/wp-content\\\/uploads\\\/2026\\\/01\\\/obraz_2026-01-25_120402405.png\",\"articleSection\":[\"Wycieczki\",\"Wycieczki integracyjne Rok 2026\"],\"inLanguage\":\"pl-PL\"},{\"@type\":\"WebPage\",\"@id\":\"https:\\\/\\\/inzynier.rzeszow.pl\\\/index.php\\\/2025\\\/09\\\/25\\\/wyjazd-na-narty-wlochy-dolina-aosty\\\/\",\"url\":\"https:\\\/\\\/inzynier.rzeszow.pl\\\/index.php\\\/2025\\\/09\\\/25\\\/wyjazd-na-narty-wlochy-dolina-aosty\\\/\",\"name\":\"Wyjazd na narty - W\u0142ochy - Dolina Aosty - Podkarpacka Okregowa Izba Inzynierow Budownictwa\",\"isPartOf\":{\"@id\":\"https:\\\/\\\/inzynier.rzeszow.pl\\\/#website\"},\"primaryImageOfPage\":{\"@id\":\"https:\\\/\\\/inzynier.rzeszow.pl\\\/index.php\\\/2025\\\/09\\\/25\\\/wyjazd-na-narty-wlochy-dolina-aosty\\\/#primaryimage\"},\"image\":{\"@id\":\"https:\\\/\\\/inzynier.rzeszow.pl\\\/index.php\\\/2025\\\/09\\\/25\\\/wyjazd-na-narty-wlochy-dolina-aosty\\\/#primaryimage\"},\"thumbnailUrl\":\"https:\\\/\\\/inzynier.rzeszow.pl\\\/wp-content\\\/uploads\\\/2026\\\/01\\\/obraz_2026-01-25_120402405.png\",\"datePublished\":\"2025-09-25T11:01:54+00:00\",\"dateModified\":\"2026-01-25T11:07:26+00:00\",\"author\":{\"@id\":\"https:\\\/\\\/inzynier.rzeszow.pl\\\/#\\\/schema\\\/person\\\/21ca162d893bdc5760a95d704e9b1e39\"},\"breadcrumb\":{\"@id\":\"https:\\\/\\\/inzynier.rzeszow.pl\\\/index.php\\\/2025\\\/09\\\/25\\\/wyjazd-na-narty-wlochy-dolina-aosty\\\/#breadcrumb\"},\"inLanguage\":\"pl-PL\",\"potentialAction\":[{\"@type\":\"ReadAction\",\"target\":[\"https:\\\/\\\/inzynier.rzeszow.pl\\\/index.php\\\/2025\\\/09\\\/25\\\/wyjazd-na-narty-wlochy-dolina-aosty\\\/\"]}]},{\"@type\":\"ImageObject\",\"inLanguage\":\"pl-PL\",\"@id\":\"https:\\\/\\\/inzynier.rzeszow.pl\\\/index.php\\\/2025\\\/09\\\/25\\\/wyjazd-na-narty-wlochy-dolina-aosty\\\/#primaryimage\",\"url\":\"https:\\\/\\\/inzynier.rzeszow.pl\\\/wp-content\\\/uploads\\\/2026\\\/01\\\/obraz_2026-01-25_120402405.png\",\"contentUrl\":\"https:\\\/\\\/inzynier.rzeszow.pl\\\/wp-content\\\/uploads\\\/2026\\\/01\\\/obraz_2026-01-25_120402405.png\",\"width\":1200,\"height\":628},{\"@type\":\"BreadcrumbList\",\"@id\":\"https:\\\/\\\/inzynier.rzeszow.pl\\\/index.php\\\/2025\\\/09\\\/25\\\/wyjazd-na-narty-wlochy-dolina-aosty\\\/#breadcrumb\",\"itemListElement\":[{\"@type\":\"ListItem\",\"position\":1,\"name\":\"Strona g\u0142\u00f3wna\",\"item\":\"https:\\\/\\\/inzynier.rzeszow.pl\\\/\"},{\"@type\":\"ListItem\",\"position\":2,\"name\":\"Wyjazd na narty &#8211; W\u0142ochy &#8211; Dolina Aosty\"}]},{\"@type\":\"WebSite\",\"@id\":\"https:\\\/\\\/inzynier.rzeszow.pl\\\/#website\",\"url\":\"https:\\\/\\\/inzynier.rzeszow.pl\\\/\",\"name\":\"Podkarpacka Okregowa Izba Inzynierow Budownictwa\",\"description\":\"\",\"potentialAction\":[{\"@type\":\"SearchAction\",\"target\":{\"@type\":\"EntryPoint\",\"urlTemplate\":\"https:\\\/\\\/inzynier.rzeszow.pl\\\/?s={search_term_string}\"},\"query-input\":{\"@type\":\"PropertyValueSpecification\",\"valueRequired\":true,\"valueName\":\"search_term_string\"}}],\"inLanguage\":\"pl-PL\"},{\"@type\":\"Person\",\"@id\":\"https:\\\/\\\/inzynier.rzeszow.pl\\\/#\\\/schema\\\/person\\\/21ca162d893bdc5760a95d704e9b1e39\",\"name\":\"admin\",\"image\":{\"@type\":\"ImageObject\",\"inLanguage\":\"pl-PL\",\"@id\":\"https:\\\/\\\/secure.gravatar.com\\\/avatar\\\/d5d1959f10b94c8abcf928274f8bb5b8c7370b0dfadb0590911bacad18965f21?s=96&d=mm&r=g\",\"url\":\"https:\\\/\\\/secure.gravatar.com\\\/avatar\\\/d5d1959f10b94c8abcf928274f8bb5b8c7370b0dfadb0590911bacad18965f21?s=96&d=mm&r=g\",\"contentUrl\":\"https:\\\/\\\/secure.gravatar.com\\\/avatar\\\/d5d1959f10b94c8abcf928274f8bb5b8c7370b0dfadb0590911bacad18965f21?s=96&d=mm&r=g\",\"caption\":\"admin\"},\"sameAs\":[\"https:\\\/\\\/migracja.inzynier.rzeszow.pl\"],\"url\":\"https:\\\/\\\/inzynier.rzeszow.pl\\\/index.php\\\/author\\\/kwojcik\\\/\"}]}<\/script>\n<!-- \/ Yoast SEO plugin. -->","yoast_head_json":{"title":"Wyjazd na narty - W\u0142ochy - Dolina Aosty - Podkarpacka Okregowa Izba Inzynierow Budownictwa","robots":{"index":"index","follow":"follow","max-snippet":"max-snippet:-1","max-image-preview":"max-image-preview:large","max-video-preview":"max-video-preview:-1"},"canonical":"https:\/\/inzynier.rzeszow.pl\/index.php\/2025\/09\/25\/wyjazd-na-narty-wlochy-dolina-aosty\/","og_locale":"pl_PL","og_type":"article","og_title":"Wyjazd na narty - W\u0142ochy - Dolina Aosty - Podkarpacka Okregowa Izba Inzynierow Budownictwa","og_description":"Podkarpacka Okr\u0119gowa Izba In\u017cynier\u00f3w Budownictwa zaprasza czynnych cz\u0142onk\u00f3w PDK OIIB wraz z osobami towarzysz\u0105cymi na wyjazd na narty &#8211; W\u0142ochy [&hellip;]","og_url":"https:\/\/inzynier.rzeszow.pl\/index.php\/2025\/09\/25\/wyjazd-na-narty-wlochy-dolina-aosty\/","og_site_name":"Podkarpacka Okregowa Izba Inzynierow Budownictwa","article_published_time":"2025-09-25T11:01:54+00:00","article_modified_time":"2026-01-25T11:07:26+00:00","og_image":[{"width":1200,"height":628,"url":"https:\/\/inzynier.rzeszow.pl\/wp-content\/uploads\/2026\/01\/obraz_2026-01-25_120402405.png","type":"image\/png"}],"author":"admin","twitter_card":"summary_large_image","twitter_misc":{"Napisane przez":"admin","Szacowany czas czytania":"9 minut"},"schema":{"@context":"https:\/\/schema.org","@graph":[{"@type":"Article","@id":"https:\/\/inzynier.rzeszow.pl\/index.php\/2025\/09\/25\/wyjazd-na-narty-wlochy-dolina-aosty\/#article","isPartOf":{"@id":"https:\/\/inzynier.rzeszow.pl\/index.php\/2025\/09\/25\/wyjazd-na-narty-wlochy-dolina-aosty\/"},"author":{"name":"admin","@id":"https:\/\/inzynier.rzeszow.pl\/#\/schema\/person\/21ca162d893bdc5760a95d704e9b1e39"},"headline":"Wyjazd na narty &#8211; W\u0142ochy &#8211; Dolina Aosty","datePublished":"2025-09-25T11:01:54+00:00","dateModified":"2026-01-25T11:07:26+00:00","mainEntityOfPage":{"@id":"https:\/\/inzynier.rzeszow.pl\/index.php\/2025\/09\/25\/wyjazd-na-narty-wlochy-dolina-aosty\/"},"wordCount":1779,"image":{"@id":"https:\/\/inzynier.rzeszow.pl\/index.php\/2025\/09\/25\/wyjazd-na-narty-wlochy-dolina-aosty\/#primaryimage"},"thumbnailUrl":"https:\/\/inzynier.rzeszow.pl\/wp-content\/uploads\/2026\/01\/obraz_2026-01-25_120402405.png","articleSection":["Wycieczki","Wycieczki integracyjne Rok 2026"],"inLanguage":"pl-PL"},{"@type":"WebPage","@id":"https:\/\/inzynier.rzeszow.pl\/index.php\/2025\/09\/25\/wyjazd-na-narty-wlochy-dolina-aosty\/","url":"https:\/\/inzynier.rzeszow.pl\/index.php\/2025\/09\/25\/wyjazd-na-narty-wlochy-dolina-aosty\/","name":"Wyjazd na narty - W\u0142ochy - Dolina Aosty - Podkarpacka Okregowa Izba Inzynierow Budownictwa","isPartOf":{"@id":"https:\/\/inzynier.rzeszow.pl\/#website"},"primaryImageOfPage":{"@id":"https:\/\/inzynier.rzeszow.pl\/index.php\/2025\/09\/25\/wyjazd-na-narty-wlochy-dolina-aosty\/#primaryimage"},"image":{"@id":"https:\/\/inzynier.rzeszow.pl\/index.php\/2025\/09\/25\/wyjazd-na-narty-wlochy-dolina-aosty\/#primaryimage"},"thumbnailUrl":"https:\/\/inzynier.rzeszow.pl\/wp-content\/uploads\/2026\/01\/obraz_2026-01-25_120402405.png","datePublished":"2025-09-25T11:01:54+00:00","dateModified":"2026-01-25T11:07:26+00:00","author":{"@id":"https:\/\/inzynier.rzeszow.pl\/#\/schema\/person\/21ca162d893bdc5760a95d704e9b1e39"},"breadcrumb":{"@id":"https:\/\/inzynier.rzeszow.pl\/index.php\/2025\/09\/25\/wyjazd-na-narty-wlochy-dolina-aosty\/#breadcrumb"},"inLanguage":"pl-PL","potentialAction":[{"@type":"ReadAction","target":["https:\/\/inzynier.rzeszow.pl\/index.php\/2025\/09\/25\/wyjazd-na-narty-wlochy-dolina-aosty\/"]}]},{"@type":"ImageObject","inLanguage":"pl-PL","@id":"https:\/\/inzynier.rzeszow.pl\/index.php\/2025\/09\/25\/wyjazd-na-narty-wlochy-dolina-aosty\/#primaryimage","url":"https:\/\/inzynier.rzeszow.pl\/wp-content\/uploads\/2026\/01\/obraz_2026-01-25_120402405.png","contentUrl":"https:\/\/inzynier.rzeszow.pl\/wp-content\/uploads\/2026\/01\/obraz_2026-01-25_120402405.png","width":1200,"height":628},{"@type":"BreadcrumbList","@id":"https:\/\/inzynier.rzeszow.pl\/index.php\/2025\/09\/25\/wyjazd-na-narty-wlochy-dolina-aosty\/#breadcrumb","itemListElement":[{"@type":"ListItem","position":1,"name":"Strona g\u0142\u00f3wna","item":"https:\/\/inzynier.rzeszow.pl\/"},{"@type":"ListItem","position":2,"name":"Wyjazd na narty &#8211; W\u0142ochy &#8211; Dolina Aosty"}]},{"@type":"WebSite","@id":"https:\/\/inzynier.rzeszow.pl\/#website","url":"https:\/\/inzynier.rzeszow.pl\/","name":"Podkarpacka Okregowa Izba Inzynierow Budownictwa","description":"","potentialAction":[{"@type":"SearchAction","target":{"@type":"EntryPoint","urlTemplate":"https:\/\/inzynier.rzeszow.pl\/?s={search_term_string}"},"query-input":{"@type":"PropertyValueSpecification","valueRequired":true,"valueName":"search_term_string"}}],"inLanguage":"pl-PL"},{"@type":"Person","@id":"https:\/\/inzynier.rzeszow.pl\/#\/schema\/person\/21ca162d893bdc5760a95d704e9b1e39","name":"admin","image":{"@type":"ImageObject","inLanguage":"pl-PL","@id":"https:\/\/secure.gravatar.com\/avatar\/d5d1959f10b94c8abcf928274f8bb5b8c7370b0dfadb0590911bacad18965f21?s=96&d=mm&r=g","url":"https:\/\/secure.gravatar.com\/avatar\/d5d1959f10b94c8abcf928274f8bb5b8c7370b0dfadb0590911bacad18965f21?s=96&d=mm&r=g","contentUrl":"https:\/\/secure.gravatar.com\/avatar\/d5d1959f10b94c8abcf928274f8bb5b8c7370b0dfadb0590911bacad18965f21?s=96&d=mm&r=g","caption":"admin"},"sameAs":["https:\/\/migracja.inzynier.rzeszow.pl"],"url":"https:\/\/inzynier.rzeszow.pl\/index.php\/author\/kwojcik\/"}]}},"rttpg_featured_image_url":{"full":["https:\/\/inzynier.rzeszow.pl\/wp-content\/uploads\/2026\/01\/obraz_2026-01-25_120402405.png",1200,628,false],"landscape":["https:\/\/inzynier.rzeszow.pl\/wp-content\/uploads\/2026\/01\/obraz_2026-01-25_120402405.png",1200,628,false],"portraits":["https:\/\/inzynier.rzeszow.pl\/wp-content\/uploads\/2026\/01\/obraz_2026-01-25_120402405.png",1200,628,false],"thumbnail":["https:\/\/inzynier.rzeszow.pl\/wp-content\/uploads\/2026\/01\/obraz_2026-01-25_120402405-150x150.png",150,150,true],"medium":["https:\/\/inzynier.rzeszow.pl\/wp-content\/uploads\/2026\/01\/obraz_2026-01-25_120402405-300x157.png",300,157,true],"large":["https:\/\/inzynier.rzeszow.pl\/wp-content\/uploads\/2026\/01\/obraz_2026-01-25_120402405-1024x536.png",1024,536,true],"1536x1536":["https:\/\/inzynier.rzeszow.pl\/wp-content\/uploads\/2026\/01\/obraz_2026-01-25_120402405.png",1200,628,false],"2048x2048":["https:\/\/inzynier.rzeszow.pl\/wp-content\/uploads\/2026\/01\/obraz_2026-01-25_120402405.png",1200,628,false]},"rttpg_author":{"display_name":"admin","author_link":"https:\/\/inzynier.rzeszow.pl\/index.php\/author\/kwojcik\/"},"rttpg_comment":0,"rttpg_category":"<a href=\"https:\/\/inzynier.rzeszow.pl\/index.php\/category\/wycieczki\/\" rel=\"category tag\">Wycieczki<\/a> <a href=\"https:\/\/inzynier.rzeszow.pl\/index.php\/category\/wycieczki\/wycieczki-integracyjne-rok-2026\/\" rel=\"category tag\">Wycieczki integracyjne Rok 2026<\/a>","rttpg_excerpt":"Podkarpacka Okr\u0119gowa Izba In\u017cynier\u00f3w Budownictwa zaprasza czynnych cz\u0142onk\u00f3w PDK OIIB wraz z osobami towarzysz\u0105cymi na wyjazd na narty &#8211; W\u0142ochy [&hellip;]","_links":{"self":[{"href":"https:\/\/inzynier.rzeszow.pl\/index.php\/wp-json\/wp\/v2\/posts\/2730","targetHints":{"allow":["GET"]}}],"collection":[{"href":"https:\/\/inzynier.rzeszow.pl\/index.php\/wp-json\/wp\/v2\/posts"}],"about":[{"href":"https:\/\/inzynier.rzeszow.pl\/index.php\/wp-json\/wp\/v2\/types\/post"}],"author":[{"embeddable":true,"href":"https:\/\/inzynier.rzeszow.pl\/index.php\/wp-json\/wp\/v2\/users\/1"}],"replies":[{"embeddable":true,"href":"https:\/\/inzynier.rzeszow.pl\/index.php\/wp-json\/wp\/v2\/comments?post=2730"}],"version-history":[{"count":4,"href":"https:\/\/inzynier.rzeszow.pl\/index.php\/wp-json\/wp\/v2\/posts\/2730\/revisions"}],"predecessor-version":[{"id":2738,"href":"https:\/\/inzynier.rzeszow.pl\/index.php\/wp-json\/wp\/v2\/posts\/2730\/revisions\/2738"}],"wp:featuredmedia":[{"embeddable":true,"href":"https:\/\/inzynier.rzeszow.pl\/index.php\/wp-json\/wp\/v2\/media\/2732"}],"wp:attachment":[{"href":"https:\/\/inzynier.rzeszow.pl\/index.php\/wp-json\/wp\/v2\/media?parent=2730"}],"wp:term":[{"taxonomy":"category","embeddable":true,"href":"https:\/\/inzynier.rzeszow.pl\/index.php\/wp-json\/wp\/v2\/categories?post=2730"},{"taxonomy":"post_tag","embeddable":true,"href":"https:\/\/inzynier.rzeszow.pl\/index.php\/wp-json\/wp\/v2\/tags?post=2730"}],"curies":[{"name":"wp","href":"https:\/\/api.w.org\/{rel}","templated":true}]}}