{"id":2083,"date":"2025-12-09T10:52:00","date_gmt":"2025-12-09T10:52:00","guid":{"rendered":"https:\/\/migracja.inzynier.rzeszow.pl\/?p=2083"},"modified":"2026-03-25T09:31:31","modified_gmt":"2026-03-25T08:31:31","slug":"reprezentacja-biegaczy-pdk-oiib-udzial-w-biegowych-imprezach-sportowych-2025-r","status":"publish","type":"post","link":"https:\/\/inzynier.rzeszow.pl\/index.php\/2025\/12\/09\/reprezentacja-biegaczy-pdk-oiib-udzial-w-biegowych-imprezach-sportowych-2025-r\/","title":{"rendered":"Reprezentacja biegaczy PDK OIIB &#8211; udzia\u0142 w biegowych imprezach sportowych &#8211; 2025 r."},"content":{"rendered":"\t\t<div data-elementor-type=\"wp-post\" data-elementor-id=\"2083\" class=\"elementor elementor-2083\" data-elementor-post-type=\"post\">\n\t\t\t\t<div class=\"elementor-element elementor-element-a86bb8d e-flex e-con-boxed e-con e-parent\" data-id=\"a86bb8d\" data-element_type=\"container\" data-e-type=\"container\">\n\t\t\t\t\t<div class=\"e-con-inner\">\n\t\t<div class=\"elementor-element elementor-element-410f3d0 e-con-full e-flex e-con e-child\" data-id=\"410f3d0\" data-element_type=\"container\" data-e-type=\"container\">\n\t\t<div class=\"elementor-element elementor-element-0161690 e-con-full e-flex e-con e-child\" data-id=\"0161690\" data-element_type=\"container\" data-e-type=\"container\">\n\t\t\t\t<div class=\"elementor-element elementor-element-833a258 elementor-widget elementor-widget-image\" data-id=\"833a258\" data-element_type=\"widget\" data-e-type=\"widget\" data-widget_type=\"image.default\">\n\t\t\t\t\t\t\t\t\t\t\t\t\t\t\t<img fetchpriority=\"high\" decoding=\"async\" width=\"1024\" height=\"682\" src=\"https:\/\/inzynier.rzeszow.pl\/wp-content\/uploads\/2025\/12\/2025-11-11-Sobek_1-1024x682.jpg\" class=\"attachment-large size-large wp-image-2086\" alt=\"\" srcset=\"https:\/\/inzynier.rzeszow.pl\/wp-content\/uploads\/2025\/12\/2025-11-11-Sobek_1-1024x682.jpg 1024w, https:\/\/inzynier.rzeszow.pl\/wp-content\/uploads\/2025\/12\/2025-11-11-Sobek_1-300x200.jpg 300w, https:\/\/inzynier.rzeszow.pl\/wp-content\/uploads\/2025\/12\/2025-11-11-Sobek_1-768x512.jpg 768w, https:\/\/inzynier.rzeszow.pl\/wp-content\/uploads\/2025\/12\/2025-11-11-Sobek_1-1536x1024.jpg 1536w, https:\/\/inzynier.rzeszow.pl\/wp-content\/uploads\/2025\/12\/2025-11-11-Sobek_1.jpg 2000w\" sizes=\"(max-width: 1024px) 100vw, 1024px\" \/>\t\t\t\t\t\t\t\t\t\t\t\t\t\t\t<\/div>\n\t\t\t\t<\/div>\n\t\t<div class=\"elementor-element elementor-element-ba0eba7 e-con-full e-flex e-con e-child\" data-id=\"ba0eba7\" data-element_type=\"container\" data-e-type=\"container\">\n\t\t\t\t<div class=\"elementor-element elementor-element-78ddcd2 elementor-widget elementor-widget-heading\" data-id=\"78ddcd2\" data-element_type=\"widget\" data-e-type=\"widget\" data-widget_type=\"heading.default\">\n\t\t\t\t\t<h2 class=\"elementor-heading-title elementor-size-default\">Kol. Mateusz Sobek \u2013 na podium w kategorii nordic walking<\/h2>\t\t\t\t<\/div>\n\t\t\t\t<div class=\"elementor-element elementor-element-43c5e2f elementor-widget elementor-widget-text-editor\" data-id=\"43c5e2f\" data-element_type=\"widget\" data-e-type=\"widget\" data-widget_type=\"text-editor.default\">\n\t\t\t\t\t\t\t\t\t<p>11 listopada to dzie\u0144 szczeg\u00f3lny &#8211; \u015awi\u0119to Niepodleg\u0142o\u015bci. W ca\u0142ym kraju z tej okazji odbywaj\u0105 si\u0119 r\u00f3\u017cne wydarzenia patriotyczne i sportowe, a jednym z nich jest zorganizowana ju\u017c po raz dziesi\u0105ty Nowosarzy\u0144ska Jedenastka. W atmosferze wsp\u00f3lnego \u015bwi\u0119towania zawodnicy w Nowej Sarzynie k. Le\u017cajska rywalizowali na dw\u00f3ch dystansach bieg 11 km i marsz nordic walking 7,5 km. Kol. Mateusz Sobek &#8211; reprezentant PDK OIIB w nordic walking, z czasem 54:15 min zaj\u0105\u0142 drugie miejsce w swojej kategorii wiekowej. Organizatorzy nie zawiedli, przygotowuj\u0105c tras\u0119 na najwy\u017cszym poziomie.\u00a0<\/p>\n<p>fot.:\u00a0Studio Filmu i Fotografii Kam-Wid<\/p>\t\t\t\t\t\t\t\t<\/div>\n\t\t<div class=\"elementor-element elementor-element-f6bdeec e-con-full e-flex e-con e-child\" data-id=\"f6bdeec\" data-element_type=\"container\" data-e-type=\"container\">\n\t\t\t\t<div class=\"elementor-element elementor-element-84c1a4a elementor-widget__width-inherit elementor-icon-list--layout-traditional elementor-list-item-link-full_width elementor-widget elementor-widget-icon-list\" data-id=\"84c1a4a\" data-element_type=\"widget\" data-e-type=\"widget\" data-widget_type=\"icon-list.default\">\n\t\t\t\t\t\t\t<ul class=\"elementor-icon-list-items\">\n\t\t\t\t\t\t\t<li class=\"elementor-icon-list-item\">\n\t\t\t\t\t\t\t\t\t\t\t<a href=\"https:\/\/www.facebook.com\/PodkarpackaOIIB\/posts\/pfbid0gmkEm4kCiSJ78Ch9hT2V5w6edqhXRDe4h1x4e1M1az8CYnR2PwjxX5updbo3ZKhml\" target=\"_blank\">\n\n\t\t\t\t\t\t\t\t\t\t\t\t<span class=\"elementor-icon-list-icon\">\n\t\t\t\t\t\t\t<svg aria-hidden=\"true\" class=\"e-font-icon-svg e-fas-arrow-circle-right\" viewBox=\"0 0 512 512\" xmlns=\"http:\/\/www.w3.org\/2000\/svg\"><path d=\"M256 8c137 0 248 111 248 248S393 504 256 504 8 393 8 256 119 8 256 8zm-28.9 143.6l75.5 72.4H120c-13.3 0-24 10.7-24 24v16c0 13.3 10.7 24 24 24h182.6l-75.5 72.4c-9.7 9.3-9.9 24.8-.4 34.3l11 10.9c9.4 9.4 24.6 9.4 33.9 0L404.3 273c9.4-9.4 9.4-24.6 0-33.9L271.6 106.3c-9.4-9.4-24.6-9.4-33.9 0l-11 10.9c-9.5 9.6-9.3 25.1.4 34.4z\"><\/path><\/svg>\t\t\t\t\t\t<\/span>\n\t\t\t\t\t\t\t\t\t\t<span class=\"elementor-icon-list-text\">Galeria Fotograficzna<\/span>\n\t\t\t\t\t\t\t\t\t\t\t<\/a>\n\t\t\t\t\t\t\t\t\t<\/li>\n\t\t\t\t\t\t<\/ul>\n\t\t\t\t\t\t<\/div>\n\t\t\t\t<\/div>\n\t\t\t\t<\/div>\n\t\t\t\t<\/div>\n\t\t\t\t\t<\/div>\n\t\t\t\t<\/div>\n\t\t<div class=\"elementor-element elementor-element-d5eea27 e-flex e-con-boxed e-con e-parent\" data-id=\"d5eea27\" data-element_type=\"container\" data-e-type=\"container\">\n\t\t\t\t\t<div class=\"e-con-inner\">\n\t\t<div class=\"elementor-element elementor-element-3b1fc8c e-con-full e-flex e-con e-child\" data-id=\"3b1fc8c\" data-element_type=\"container\" data-e-type=\"container\">\n\t\t<div class=\"elementor-element elementor-element-13c357f e-con-full e-flex e-con e-child\" data-id=\"13c357f\" data-element_type=\"container\" data-e-type=\"container\">\n\t\t\t\t<div class=\"elementor-element elementor-element-6d563a8 elementor-widget elementor-widget-image\" data-id=\"6d563a8\" data-element_type=\"widget\" data-e-type=\"widget\" data-widget_type=\"image.default\">\n\t\t\t\t\t\t\t\t\t\t\t\t\t\t\t<img decoding=\"async\" width=\"1024\" height=\"768\" src=\"https:\/\/inzynier.rzeszow.pl\/wp-content\/uploads\/2025\/12\/20251022_sobek_nord_walk-1024x768.jpg\" class=\"attachment-large size-large wp-image-2087\" alt=\"\" srcset=\"https:\/\/inzynier.rzeszow.pl\/wp-content\/uploads\/2025\/12\/20251022_sobek_nord_walk-1024x768.jpg 1024w, https:\/\/inzynier.rzeszow.pl\/wp-content\/uploads\/2025\/12\/20251022_sobek_nord_walk-300x225.jpg 300w, https:\/\/inzynier.rzeszow.pl\/wp-content\/uploads\/2025\/12\/20251022_sobek_nord_walk-768x576.jpg 768w, https:\/\/inzynier.rzeszow.pl\/wp-content\/uploads\/2025\/12\/20251022_sobek_nord_walk-1536x1152.jpg 1536w, https:\/\/inzynier.rzeszow.pl\/wp-content\/uploads\/2025\/12\/20251022_sobek_nord_walk-2048x1536.jpg 2048w\" sizes=\"(max-width: 1024px) 100vw, 1024px\" \/>\t\t\t\t\t\t\t\t\t\t\t\t\t\t\t<\/div>\n\t\t\t\t<\/div>\n\t\t<div class=\"elementor-element elementor-element-25d066b e-con-full e-flex e-con e-child\" data-id=\"25d066b\" data-element_type=\"container\" data-e-type=\"container\">\n\t\t\t\t<div class=\"elementor-element elementor-element-44772c1 elementor-widget elementor-widget-heading\" data-id=\"44772c1\" data-element_type=\"widget\" data-e-type=\"widget\" data-widget_type=\"heading.default\">\n\t\t\t\t\t<h2 class=\"elementor-heading-title elementor-size-default\">Kol. Mateusz Sobek wystartowa\u0142 w III Biegu Batalionu Barbara AK<\/h2>\t\t\t\t<\/div>\n\t\t\t\t<div class=\"elementor-element elementor-element-53c3a46 elementor-widget elementor-widget-text-editor\" data-id=\"53c3a46\" data-element_type=\"widget\" data-e-type=\"widget\" data-widget_type=\"text-editor.default\">\n\t\t\t\t\t\t\t\t\t<p style=\"font-weight: 400;\">W niedziel\u0119 19 pa\u017adziernika 2025 r. w Pale\u015bnicy (woj. ma\u0142opolskie) odby\u0142 si\u0119 III Bieg Batalionu Barbara AK promuj\u0105cy burzliw\u0105 histori\u0119 tamtych stron. W ramach zawod\u00f3w wyr\u00f3\u017cniono marsz Nordic Walking na dystansie 6,5 km. Trasa z niespotykanie stromymi przewy\u017cszeniami pozwala\u0142a podziwia\u0107 wyj\u0105tkowo malownicze jesienne barwy regionu. Kol. Mateusz Sobek z wynikiem 48:31 min zaj\u0105\u0142 trzecie miejsce w kategorii Open i drugie miejsce w kategorii wiekowej M2:(36-49).\u00a0\u00a0<br \/>Bieg z histori\u0105 w tle,\u00a0\u00a0a na koniec podw\u00f3jne podium \u2013 to si\u0119 nazywa udany start!<\/p>\n<p style=\"font-weight: 400;\">fot.: prywatne\u00a0<\/p>\t\t\t\t\t\t\t\t<\/div>\n\t\t\t\t<\/div>\n\t\t\t\t<\/div>\n\t\t\t\t\t<\/div>\n\t\t\t\t<\/div>\n\t\t<div class=\"elementor-element elementor-element-9db14cb e-flex e-con-boxed e-con e-parent\" data-id=\"9db14cb\" data-element_type=\"container\" data-e-type=\"container\">\n\t\t\t\t\t<div class=\"e-con-inner\">\n\t\t<div class=\"elementor-element elementor-element-d9bc3ca e-con-full e-flex e-con e-child\" data-id=\"d9bc3ca\" data-element_type=\"container\" data-e-type=\"container\">\n\t\t<div class=\"elementor-element elementor-element-8f2f159 e-con-full e-flex e-con e-child\" data-id=\"8f2f159\" data-element_type=\"container\" data-e-type=\"container\">\n\t\t\t\t<div class=\"elementor-element elementor-element-117cac8 elementor-widget elementor-widget-image\" data-id=\"117cac8\" data-element_type=\"widget\" data-e-type=\"widget\" data-widget_type=\"image.default\">\n\t\t\t\t\t\t\t\t\t\t\t\t\t\t\t<img decoding=\"async\" width=\"766\" height=\"1024\" src=\"https:\/\/inzynier.rzeszow.pl\/wp-content\/uploads\/2025\/12\/2025-09-28_sleczka_1-766x1024.jpeg\" class=\"attachment-large size-large wp-image-2088\" alt=\"\" srcset=\"https:\/\/inzynier.rzeszow.pl\/wp-content\/uploads\/2025\/12\/2025-09-28_sleczka_1-766x1024.jpeg 766w, https:\/\/inzynier.rzeszow.pl\/wp-content\/uploads\/2025\/12\/2025-09-28_sleczka_1-225x300.jpeg 225w, https:\/\/inzynier.rzeszow.pl\/wp-content\/uploads\/2025\/12\/2025-09-28_sleczka_1-768x1026.jpeg 768w, https:\/\/inzynier.rzeszow.pl\/wp-content\/uploads\/2025\/12\/2025-09-28_sleczka_1.jpeg 1130w\" sizes=\"(max-width: 766px) 100vw, 766px\" \/>\t\t\t\t\t\t\t\t\t\t\t\t\t\t\t<\/div>\n\t\t\t\t<\/div>\n\t\t<div class=\"elementor-element elementor-element-785707c e-con-full e-flex e-con e-child\" data-id=\"785707c\" data-element_type=\"container\" data-e-type=\"container\">\n\t\t\t\t<div class=\"elementor-element elementor-element-66b0121 elementor-widget elementor-widget-heading\" data-id=\"66b0121\" data-element_type=\"widget\" data-e-type=\"widget\" data-widget_type=\"heading.default\">\n\t\t\t\t\t<h2 class=\"elementor-heading-title elementor-size-default\">Kol. Damian \u015al\u0119czka - 42 km w i\u015bcie ekspresowym tempie!<\/h2>\t\t\t\t<\/div>\n\t\t\t\t<div class=\"elementor-element elementor-element-57e94a9 elementor-widget elementor-widget-text-editor\" data-id=\"57e94a9\" data-element_type=\"widget\" data-e-type=\"widget\" data-widget_type=\"text-editor.default\">\n\t\t\t\t\t\t\t\t\t<p>Z przyjemno\u015bci\u0105 odnotowujemy niezwyk\u0142y sportowy wyczyn naszego reprezentanta kol. Damiana \u015al\u0119czki, kt\u00f3ry 28 wrze\u015bnia 2025 r. wzi\u0105\u0142 udzia\u0142 w 47. Nationale-Nederlanden Maratonie Warszawskim i osi\u0105gn\u0105\u0142 znakomity rezultat. Dystans: 42,2 km, czas uko\u0144czenia (netto): 2:46:43, \u015brednie tempo: 3:57 min\/km. Rezultat ten przek\u0142ada si\u0119 na absolutnie elitarn\u0105 lokat\u0119 w niezwykle mocno obsadzonej stawce biegaczy:<br \/>&#8211; miejsce w kategorii Open (M):\u00a0127 na 9529 zawodnik\u00f3w<br \/>&#8211; miejsce w kategorii wiekowej M40-49: 31 na 2134 zawodnik\u00f3w.<br \/><br \/>Do rekordu zabrak\u0142o 77 s. i jak sam podsumowuje: \u201eJest motywacja, \u017ceby dalej trenowa\u0107 i d\u0105\u017cy\u0107 do pokonania kolejnej granicy&#8221;.<br \/><br \/>Jeste\u015bmy pod ogromnym wra\u017ceniem determinacji, dyscypliny i formy, gdy\u017c taki wynik stawia kol. Damiana w gronie najlepszych polskich biegaczy-amator\u00f3w &#8211; wynik wybitny w amatorskim bieganiu!Serdecznie gratulujemy, \u017cycz\u0105c dalszych sukces\u00f3w sportowych oraz r\u00f3wnie du\u017cej satysfakcji z kolejnych wyzwa\u0144!<\/p>\n<p>fot.: Paulina Puc<\/p>\t\t\t\t\t\t\t\t<\/div>\n\t\t<div class=\"elementor-element elementor-element-f262798 e-con-full e-flex e-con e-child\" data-id=\"f262798\" data-element_type=\"container\" data-e-type=\"container\">\n\t\t\t\t<div class=\"elementor-element elementor-element-af987c1 elementor-widget__width-inherit elementor-icon-list--layout-traditional elementor-list-item-link-full_width elementor-widget elementor-widget-icon-list\" data-id=\"af987c1\" data-element_type=\"widget\" data-e-type=\"widget\" data-widget_type=\"icon-list.default\">\n\t\t\t\t\t\t\t<ul class=\"elementor-icon-list-items\">\n\t\t\t\t\t\t\t<li class=\"elementor-icon-list-item\">\n\t\t\t\t\t\t\t\t\t\t\t<a href=\"https:\/\/www.facebook.com\/PodkarpackaOIIB\/posts\/pfbid0b7SBwQmsTeZSmJHSeqYZQA6hmMZHfVwVgQniKqjxWZtTCTnZyb88awQHE96hZ25Al\" target=\"_blank\">\n\n\t\t\t\t\t\t\t\t\t\t\t\t<span class=\"elementor-icon-list-icon\">\n\t\t\t\t\t\t\t<svg aria-hidden=\"true\" class=\"e-font-icon-svg e-fas-arrow-circle-right\" viewBox=\"0 0 512 512\" xmlns=\"http:\/\/www.w3.org\/2000\/svg\"><path d=\"M256 8c137 0 248 111 248 248S393 504 256 504 8 393 8 256 119 8 256 8zm-28.9 143.6l75.5 72.4H120c-13.3 0-24 10.7-24 24v16c0 13.3 10.7 24 24 24h182.6l-75.5 72.4c-9.7 9.3-9.9 24.8-.4 34.3l11 10.9c9.4 9.4 24.6 9.4 33.9 0L404.3 273c9.4-9.4 9.4-24.6 0-33.9L271.6 106.3c-9.4-9.4-24.6-9.4-33.9 0l-11 10.9c-9.5 9.6-9.3 25.1.4 34.4z\"><\/path><\/svg>\t\t\t\t\t\t<\/span>\n\t\t\t\t\t\t\t\t\t\t<span class=\"elementor-icon-list-text\">Galeria Fotograficzna<\/span>\n\t\t\t\t\t\t\t\t\t\t\t<\/a>\n\t\t\t\t\t\t\t\t\t<\/li>\n\t\t\t\t\t\t\t\t<li class=\"elementor-icon-list-item\">\n\t\t\t\t\t\t\t\t\t\t\t<a href=\"https:\/\/live.sts-timing.pl\/mw2025\/\" target=\"_blank\">\n\n\t\t\t\t\t\t\t\t\t\t\t\t<span class=\"elementor-icon-list-icon\">\n\t\t\t\t\t\t\t<svg aria-hidden=\"true\" class=\"e-font-icon-svg e-fas-arrow-circle-right\" viewBox=\"0 0 512 512\" xmlns=\"http:\/\/www.w3.org\/2000\/svg\"><path d=\"M256 8c137 0 248 111 248 248S393 504 256 504 8 393 8 256 119 8 256 8zm-28.9 143.6l75.5 72.4H120c-13.3 0-24 10.7-24 24v16c0 13.3 10.7 24 24 24h182.6l-75.5 72.4c-9.7 9.3-9.9 24.8-.4 34.3l11 10.9c9.4 9.4 24.6 9.4 33.9 0L404.3 273c9.4-9.4 9.4-24.6 0-33.9L271.6 106.3c-9.4-9.4-24.6-9.4-33.9 0l-11 10.9c-9.5 9.6-9.3 25.1.4 34.4z\"><\/path><\/svg>\t\t\t\t\t\t<\/span>\n\t\t\t\t\t\t\t\t\t\t<span class=\"elementor-icon-list-text\"> Link do wynik\u00f3w<\/span>\n\t\t\t\t\t\t\t\t\t\t\t<\/a>\n\t\t\t\t\t\t\t\t\t<\/li>\n\t\t\t\t\t\t<\/ul>\n\t\t\t\t\t\t<\/div>\n\t\t\t\t<\/div>\n\t\t\t\t<\/div>\n\t\t\t\t<\/div>\n\t\t\t\t\t<\/div>\n\t\t\t\t<\/div>\n\t\t<div class=\"elementor-element elementor-element-6720f4d e-flex e-con-boxed e-con e-parent\" data-id=\"6720f4d\" data-element_type=\"container\" data-e-type=\"container\">\n\t\t\t\t\t<div class=\"e-con-inner\">\n\t\t<div class=\"elementor-element elementor-element-0c75c2d e-con-full e-flex e-con e-child\" data-id=\"0c75c2d\" data-element_type=\"container\" data-e-type=\"container\">\n\t\t<div class=\"elementor-element elementor-element-76d0703 e-con-full e-flex e-con e-child\" data-id=\"76d0703\" data-element_type=\"container\" data-e-type=\"container\">\n\t\t\t\t<div class=\"elementor-element elementor-element-19c46ac elementor-widget elementor-widget-image\" data-id=\"19c46ac\" data-element_type=\"widget\" data-e-type=\"widget\" data-widget_type=\"image.default\">\n\t\t\t\t\t\t\t\t\t\t\t\t\t\t\t<img loading=\"lazy\" decoding=\"async\" width=\"768\" height=\"1024\" src=\"https:\/\/inzynier.rzeszow.pl\/wp-content\/uploads\/2025\/12\/2025-09-23-nord_w_sobek_1-768x1024.jpg\" class=\"attachment-large size-large wp-image-2089\" alt=\"\" srcset=\"https:\/\/inzynier.rzeszow.pl\/wp-content\/uploads\/2025\/12\/2025-09-23-nord_w_sobek_1-768x1024.jpg 768w, https:\/\/inzynier.rzeszow.pl\/wp-content\/uploads\/2025\/12\/2025-09-23-nord_w_sobek_1-225x300.jpg 225w, https:\/\/inzynier.rzeszow.pl\/wp-content\/uploads\/2025\/12\/2025-09-23-nord_w_sobek_1-1152x1536.jpg 1152w, https:\/\/inzynier.rzeszow.pl\/wp-content\/uploads\/2025\/12\/2025-09-23-nord_w_sobek_1-1536x2048.jpg 1536w, https:\/\/inzynier.rzeszow.pl\/wp-content\/uploads\/2025\/12\/2025-09-23-nord_w_sobek_1-scaled.jpg 1920w\" sizes=\"(max-width: 768px) 100vw, 768px\" \/>\t\t\t\t\t\t\t\t\t\t\t\t\t\t\t<\/div>\n\t\t\t\t<\/div>\n\t\t<div class=\"elementor-element elementor-element-355deab e-con-full e-flex e-con e-child\" data-id=\"355deab\" data-element_type=\"container\" data-e-type=\"container\">\n\t\t\t\t<div class=\"elementor-element elementor-element-b656c53 elementor-widget elementor-widget-heading\" data-id=\"b656c53\" data-element_type=\"widget\" data-e-type=\"widget\" data-widget_type=\"heading.default\">\n\t\t\t\t\t<h2 class=\"elementor-heading-title elementor-size-default\">Kol. Mateusz Sobek \u2013 II miejsce na podium<\/h2>\t\t\t\t<\/div>\n\t\t\t\t<div class=\"elementor-element elementor-element-8083280 elementor-widget elementor-widget-text-editor\" data-id=\"8083280\" data-element_type=\"widget\" data-e-type=\"widget\" data-widget_type=\"text-editor.default\">\n\t\t\t\t\t\t\t\t\t<p>W dniu 20 wrze\u015bnia 2025 r. w Chmielniku odby\u0142 si\u0119 ostatni V etap Grand Prix Podkarpacia w Nordic Walking po\u0142\u0105czony z Mistrzostwami Polski PTG Sok\u00f3\u0142. Pi\u0119ciokilometrowa trasa by\u0142a jak przysta\u0142o na fina\u0142 cyklu niezwykle wymagaj\u0105ca i trudna techniczne co sprawia\u0142o, \u017ce rywalizacja by\u0142a jeszcze bardziej ciekawa. Kol. Mateusz Sobek z czasem 40:06 min, zapewni\u0142 sobie drugie miejsce na podium w swojej kategorii wiekowej.<br \/>Serdecznie gratulujemy wyniku!<\/p>\n<p>fot.: prywatne<\/p>\t\t\t\t\t\t\t\t<\/div>\n\t\t<div class=\"elementor-element elementor-element-1403584 e-con-full e-flex e-con e-child\" data-id=\"1403584\" data-element_type=\"container\" data-e-type=\"container\">\n\t\t\t\t<div class=\"elementor-element elementor-element-eee9b8f elementor-widget__width-inherit elementor-icon-list--layout-traditional elementor-list-item-link-full_width elementor-widget elementor-widget-icon-list\" data-id=\"eee9b8f\" data-element_type=\"widget\" data-e-type=\"widget\" data-widget_type=\"icon-list.default\">\n\t\t\t\t\t\t\t<ul class=\"elementor-icon-list-items\">\n\t\t\t\t\t\t\t<li class=\"elementor-icon-list-item\">\n\t\t\t\t\t\t\t\t\t\t\t<a href=\"https:\/\/www.facebook.com\/PodkarpackaOIIB\/posts\/pfbid028xq4Yd7ZCr1d8edKL1tkkGmPjRtCTKAqPKTBM2Do7tw444fuaXumCdsMSi5YhMiNl\" target=\"_blank\">\n\n\t\t\t\t\t\t\t\t\t\t\t\t<span class=\"elementor-icon-list-icon\">\n\t\t\t\t\t\t\t<svg aria-hidden=\"true\" class=\"e-font-icon-svg e-fas-arrow-circle-right\" viewBox=\"0 0 512 512\" xmlns=\"http:\/\/www.w3.org\/2000\/svg\"><path d=\"M256 8c137 0 248 111 248 248S393 504 256 504 8 393 8 256 119 8 256 8zm-28.9 143.6l75.5 72.4H120c-13.3 0-24 10.7-24 24v16c0 13.3 10.7 24 24 24h182.6l-75.5 72.4c-9.7 9.3-9.9 24.8-.4 34.3l11 10.9c9.4 9.4 24.6 9.4 33.9 0L404.3 273c9.4-9.4 9.4-24.6 0-33.9L271.6 106.3c-9.4-9.4-24.6-9.4-33.9 0l-11 10.9c-9.5 9.6-9.3 25.1.4 34.4z\"><\/path><\/svg>\t\t\t\t\t\t<\/span>\n\t\t\t\t\t\t\t\t\t\t<span class=\"elementor-icon-list-text\">Galeria Fotograficzna<\/span>\n\t\t\t\t\t\t\t\t\t\t\t<\/a>\n\t\t\t\t\t\t\t\t\t<\/li>\n\t\t\t\t\t\t<\/ul>\n\t\t\t\t\t\t<\/div>\n\t\t\t\t<\/div>\n\t\t\t\t<\/div>\n\t\t\t\t<\/div>\n\t\t\t\t\t<\/div>\n\t\t\t\t<\/div>\n\t\t<div class=\"elementor-element elementor-element-aafa7d8 e-flex e-con-boxed e-con e-parent\" data-id=\"aafa7d8\" data-element_type=\"container\" data-e-type=\"container\">\n\t\t\t\t\t<div class=\"e-con-inner\">\n\t\t<div class=\"elementor-element elementor-element-e7aedde e-con-full e-flex e-con e-child\" data-id=\"e7aedde\" data-element_type=\"container\" data-e-type=\"container\">\n\t\t<div class=\"elementor-element elementor-element-8c927f8 e-con-full e-flex e-con e-child\" data-id=\"8c927f8\" data-element_type=\"container\" data-e-type=\"container\">\n\t\t\t\t<div class=\"elementor-element elementor-element-c569915 elementor-widget elementor-widget-image\" data-id=\"c569915\" data-element_type=\"widget\" data-e-type=\"widget\" data-widget_type=\"image.default\">\n\t\t\t\t\t\t\t\t\t\t\t\t\t\t\t<img loading=\"lazy\" decoding=\"async\" width=\"1024\" height=\"644\" src=\"https:\/\/inzynier.rzeszow.pl\/wp-content\/uploads\/2025\/12\/2025-09-11_bieg_Sleczka-1024x644.jpg\" class=\"attachment-large size-large wp-image-2090\" alt=\"\" srcset=\"https:\/\/inzynier.rzeszow.pl\/wp-content\/uploads\/2025\/12\/2025-09-11_bieg_Sleczka-1024x644.jpg 1024w, https:\/\/inzynier.rzeszow.pl\/wp-content\/uploads\/2025\/12\/2025-09-11_bieg_Sleczka-300x189.jpg 300w, https:\/\/inzynier.rzeszow.pl\/wp-content\/uploads\/2025\/12\/2025-09-11_bieg_Sleczka-768x483.jpg 768w, https:\/\/inzynier.rzeszow.pl\/wp-content\/uploads\/2025\/12\/2025-09-11_bieg_Sleczka.jpg 1500w\" sizes=\"(max-width: 1024px) 100vw, 1024px\" \/>\t\t\t\t\t\t\t\t\t\t\t\t\t\t\t<\/div>\n\t\t\t\t<\/div>\n\t\t<div class=\"elementor-element elementor-element-d92cc32 e-con-full e-flex e-con e-child\" data-id=\"d92cc32\" data-element_type=\"container\" data-e-type=\"container\">\n\t\t\t\t<div class=\"elementor-element elementor-element-f8e851c elementor-widget elementor-widget-heading\" data-id=\"f8e851c\" data-element_type=\"widget\" data-e-type=\"widget\" data-widget_type=\"heading.default\">\n\t\t\t\t\t<h2 class=\"elementor-heading-title elementor-size-default\">Kol. Damian \u015al\u0119czka - IX Biegam i Wspieram - cel uko\u0144czony!<\/h2>\t\t\t\t<\/div>\n\t\t\t\t<div class=\"elementor-element elementor-element-ffb081b elementor-widget elementor-widget-text-editor\" data-id=\"ffb081b\" data-element_type=\"widget\" data-e-type=\"widget\" data-widget_type=\"text-editor.default\">\n\t\t\t\t\t\t\t\t\t<p>21 kilometr\u00f3w, jeden cel: pomaga\u0107! 7 wrze\u015bnia 2025 r. w Budach G\u0142ogowskich nasz reprezentant w biegach kol. Damian \u015al\u0119czka wystartowa\u0142 w biegu IX Biegam i Wspieram. To nie by\u0142a zwyk\u0142a rywalizacja z czasem i sob\u0105 samym, ale przede wszystkim wspania\u0142a akcja, gdzie ka\u017cdy pokonany kilometr przek\u0142ada\u0142 si\u0119 na realne wsparcie dla potrzebuj\u0105cych.\u00a0<br \/>Jaki wynik? &#8211; oczywi\u015bcie 1. miejsce w Kategoria Open z czasem uko\u0144czenia: 1:19:03, przy tempie 3:57 min\/km. Gratulujemy! Jeste\u015bmy niezmiernie dumni z wyniku i miejsca na podium naszego reprezentanta, ale najwi\u0119ksz\u0105 satysfakcj\u0119 daje \u015bwiadomo\u015b\u0107, \u017ce dzi\u0119ki takim inicjatywom sport odgrywa znacznie g\u0142\u0119bsz\u0105 rol\u0119.<\/p>\t\t\t\t\t\t\t\t<\/div>\n\t\t<div class=\"elementor-element elementor-element-3d1a747 e-con-full e-flex e-con e-child\" data-id=\"3d1a747\" data-element_type=\"container\" data-e-type=\"container\">\n\t\t\t\t<div class=\"elementor-element elementor-element-8d8b5a9 elementor-widget__width-inherit elementor-icon-list--layout-traditional elementor-list-item-link-full_width elementor-widget elementor-widget-icon-list\" data-id=\"8d8b5a9\" data-element_type=\"widget\" data-e-type=\"widget\" data-widget_type=\"icon-list.default\">\n\t\t\t\t\t\t\t<ul class=\"elementor-icon-list-items\">\n\t\t\t\t\t\t\t<li class=\"elementor-icon-list-item\">\n\t\t\t\t\t\t\t\t\t\t\t<a href=\"https:\/\/www.facebook.com\/PodkarpackaOIIB\/posts\/pfbid0mmzQGSbqksr2UMKdWkxP6S4frxsNhHjmjncfZPkPnFvhuVYuJJB6huRKbzQJ3MX7l\" target=\"_blank\">\n\n\t\t\t\t\t\t\t\t\t\t\t\t<span class=\"elementor-icon-list-icon\">\n\t\t\t\t\t\t\t<svg aria-hidden=\"true\" class=\"e-font-icon-svg e-fas-arrow-circle-right\" viewBox=\"0 0 512 512\" xmlns=\"http:\/\/www.w3.org\/2000\/svg\"><path d=\"M256 8c137 0 248 111 248 248S393 504 256 504 8 393 8 256 119 8 256 8zm-28.9 143.6l75.5 72.4H120c-13.3 0-24 10.7-24 24v16c0 13.3 10.7 24 24 24h182.6l-75.5 72.4c-9.7 9.3-9.9 24.8-.4 34.3l11 10.9c9.4 9.4 24.6 9.4 33.9 0L404.3 273c9.4-9.4 9.4-24.6 0-33.9L271.6 106.3c-9.4-9.4-24.6-9.4-33.9 0l-11 10.9c-9.5 9.6-9.3 25.1.4 34.4z\"><\/path><\/svg>\t\t\t\t\t\t<\/span>\n\t\t\t\t\t\t\t\t\t\t<span class=\"elementor-icon-list-text\">Galeria Fotograficzna<\/span>\n\t\t\t\t\t\t\t\t\t\t\t<\/a>\n\t\t\t\t\t\t\t\t\t<\/li>\n\t\t\t\t\t\t\t\t<li class=\"elementor-icon-list-item\">\n\t\t\t\t\t\t\t\t\t\t\t<a href=\"https:\/\/my.raceresult.com\/359699\/#1_4C71F3\" target=\"_blank\">\n\n\t\t\t\t\t\t\t\t\t\t\t\t<span class=\"elementor-icon-list-icon\">\n\t\t\t\t\t\t\t<svg aria-hidden=\"true\" class=\"e-font-icon-svg e-fas-arrow-circle-right\" viewBox=\"0 0 512 512\" xmlns=\"http:\/\/www.w3.org\/2000\/svg\"><path d=\"M256 8c137 0 248 111 248 248S393 504 256 504 8 393 8 256 119 8 256 8zm-28.9 143.6l75.5 72.4H120c-13.3 0-24 10.7-24 24v16c0 13.3 10.7 24 24 24h182.6l-75.5 72.4c-9.7 9.3-9.9 24.8-.4 34.3l11 10.9c9.4 9.4 24.6 9.4 33.9 0L404.3 273c9.4-9.4 9.4-24.6 0-33.9L271.6 106.3c-9.4-9.4-24.6-9.4-33.9 0l-11 10.9c-9.5 9.6-9.3 25.1.4 34.4z\"><\/path><\/svg>\t\t\t\t\t\t<\/span>\n\t\t\t\t\t\t\t\t\t\t<span class=\"elementor-icon-list-text\">Link do wynik\u00f3w<\/span>\n\t\t\t\t\t\t\t\t\t\t\t<\/a>\n\t\t\t\t\t\t\t\t\t<\/li>\n\t\t\t\t\t\t<\/ul>\n\t\t\t\t\t\t<\/div>\n\t\t\t\t<\/div>\n\t\t\t\t<\/div>\n\t\t\t\t<\/div>\n\t\t\t\t\t<\/div>\n\t\t\t\t<\/div>\n\t\t<div class=\"elementor-element elementor-element-5ae7d10 e-flex e-con-boxed e-con e-parent\" data-id=\"5ae7d10\" data-element_type=\"container\" data-e-type=\"container\">\n\t\t\t\t\t<div class=\"e-con-inner\">\n\t\t<div class=\"elementor-element elementor-element-459636b e-con-full e-flex e-con e-child\" data-id=\"459636b\" data-element_type=\"container\" data-e-type=\"container\">\n\t\t<div class=\"elementor-element elementor-element-9ef2e90 e-con-full e-flex e-con e-child\" data-id=\"9ef2e90\" data-element_type=\"container\" data-e-type=\"container\">\n\t\t\t\t<div class=\"elementor-element elementor-element-dcecb40 elementor-widget elementor-widget-image\" data-id=\"dcecb40\" data-element_type=\"widget\" data-e-type=\"widget\" data-widget_type=\"image.default\">\n\t\t\t\t\t\t\t\t\t\t\t\t\t\t\t<img loading=\"lazy\" decoding=\"async\" width=\"1024\" height=\"683\" src=\"https:\/\/inzynier.rzeszow.pl\/wp-content\/uploads\/2025\/12\/2025-08-26_sleczka_biega-1024x683.jpg\" class=\"attachment-large size-large wp-image-2091\" alt=\"\" srcset=\"https:\/\/inzynier.rzeszow.pl\/wp-content\/uploads\/2025\/12\/2025-08-26_sleczka_biega-1024x683.jpg 1024w, https:\/\/inzynier.rzeszow.pl\/wp-content\/uploads\/2025\/12\/2025-08-26_sleczka_biega-300x200.jpg 300w, https:\/\/inzynier.rzeszow.pl\/wp-content\/uploads\/2025\/12\/2025-08-26_sleczka_biega-768x512.jpg 768w, https:\/\/inzynier.rzeszow.pl\/wp-content\/uploads\/2025\/12\/2025-08-26_sleczka_biega-1536x1024.jpg 1536w, https:\/\/inzynier.rzeszow.pl\/wp-content\/uploads\/2025\/12\/2025-08-26_sleczka_biega.jpg 2048w\" sizes=\"(max-width: 1024px) 100vw, 1024px\" \/>\t\t\t\t\t\t\t\t\t\t\t\t\t\t\t<\/div>\n\t\t\t\t<\/div>\n\t\t<div class=\"elementor-element elementor-element-0517208 e-con-full e-flex e-con e-child\" data-id=\"0517208\" data-element_type=\"container\" data-e-type=\"container\">\n\t\t\t\t<div class=\"elementor-element elementor-element-1672599 elementor-widget elementor-widget-heading\" data-id=\"1672599\" data-element_type=\"widget\" data-e-type=\"widget\" data-widget_type=\"heading.default\">\n\t\t\t\t\t<h2 class=\"elementor-heading-title elementor-size-default\">Kol. Damian \u015al\u0119czka -  wbieg\u0142 na 1 miejsce na podium w maratonie<\/h2>\t\t\t\t<\/div>\n\t\t\t\t<div class=\"elementor-element elementor-element-b175ef4 elementor-widget elementor-widget-text-editor\" data-id=\"b175ef4\" data-element_type=\"widget\" data-e-type=\"widget\" data-widget_type=\"text-editor.default\">\n\t\t\t\t\t\t\t\t\t<p>W dniu 23 sierpnia 2025 r., o godz. 7.00 w Chmielniku wystartowali zawodnicy w imprezie biegowej Wbiegnij na Podium 4 &#8211; Maraton, dystans: 44 km, 1300 m przewy\u017csze\u0144. Czas uko\u0144czenia kol. Damiana \u015al\u0119czki\u00a0 3:55:29 i fantastyczne 1 miejsce w kategoria open.<br \/>Taki wynik to nie jest wy\u015bcig z innymi zawodnikami, to przede wszystkim zwyci\u0119stwo nad samym dystansem i jego topografi\u0105. Kol. Damian \u015al\u0119czka nie tylko wygra\u0142, ale zdominowa\u0142 t\u0119 tras\u0119 z u\u015bmiechem.\u00a0<span class=\"x193iq5w xeuugli x13faqbe x1vvkbs x1xmvt09 x1lliihq x1s928wv xhkezso x1gmr53x x1cpjm7i x1fgarty x1943h6x xudqn12 x3x7a5m x1f6kntn xvq8zen xo1l8bm xzsf02u x1yc453h\">Gratulacje za niesamowit\u0105 form\u0119!<\/span><\/p>\n<p>fot.: prywatne, @podium.ultrastylzycia<\/p>\t\t\t\t\t\t\t\t<\/div>\n\t\t<div class=\"elementor-element elementor-element-7aeabbb e-con-full e-flex e-con e-child\" data-id=\"7aeabbb\" data-element_type=\"container\" data-e-type=\"container\">\n\t\t\t\t<div class=\"elementor-element elementor-element-aad8acc elementor-widget__width-inherit elementor-icon-list--layout-traditional elementor-list-item-link-full_width elementor-widget elementor-widget-icon-list\" data-id=\"aad8acc\" data-element_type=\"widget\" data-e-type=\"widget\" data-widget_type=\"icon-list.default\">\n\t\t\t\t\t\t\t<ul class=\"elementor-icon-list-items\">\n\t\t\t\t\t\t\t<li class=\"elementor-icon-list-item\">\n\t\t\t\t\t\t\t\t\t\t\t<a href=\"https:\/\/www.facebook.com\/PodkarpackaOIIB\/posts\/pfbid02qMv7XAHTJzCqtJwSJvFbLEpVRz2dfH5bJouoU3gAzMxGNN5Ry8Wh3fmh3zPB16QGl\" target=\"_blank\">\n\n\t\t\t\t\t\t\t\t\t\t\t\t<span class=\"elementor-icon-list-icon\">\n\t\t\t\t\t\t\t<svg aria-hidden=\"true\" class=\"e-font-icon-svg e-fas-arrow-circle-right\" viewBox=\"0 0 512 512\" xmlns=\"http:\/\/www.w3.org\/2000\/svg\"><path d=\"M256 8c137 0 248 111 248 248S393 504 256 504 8 393 8 256 119 8 256 8zm-28.9 143.6l75.5 72.4H120c-13.3 0-24 10.7-24 24v16c0 13.3 10.7 24 24 24h182.6l-75.5 72.4c-9.7 9.3-9.9 24.8-.4 34.3l11 10.9c9.4 9.4 24.6 9.4 33.9 0L404.3 273c9.4-9.4 9.4-24.6 0-33.9L271.6 106.3c-9.4-9.4-24.6-9.4-33.9 0l-11 10.9c-9.5 9.6-9.3 25.1.4 34.4z\"><\/path><\/svg>\t\t\t\t\t\t<\/span>\n\t\t\t\t\t\t\t\t\t\t<span class=\"elementor-icon-list-text\">Galeria Fotograficzna<\/span>\n\t\t\t\t\t\t\t\t\t\t\t<\/a>\n\t\t\t\t\t\t\t\t\t<\/li>\n\t\t\t\t\t\t\t\t<li class=\"elementor-icon-list-item\">\n\t\t\t\t\t\t\t\t\t\t\t<a href=\"https:\/\/results.timekeeper.pl\/\" target=\"_blank\">\n\n\t\t\t\t\t\t\t\t\t\t\t\t<span class=\"elementor-icon-list-icon\">\n\t\t\t\t\t\t\t<svg aria-hidden=\"true\" class=\"e-font-icon-svg e-fas-arrow-circle-right\" viewBox=\"0 0 512 512\" xmlns=\"http:\/\/www.w3.org\/2000\/svg\"><path d=\"M256 8c137 0 248 111 248 248S393 504 256 504 8 393 8 256 119 8 256 8zm-28.9 143.6l75.5 72.4H120c-13.3 0-24 10.7-24 24v16c0 13.3 10.7 24 24 24h182.6l-75.5 72.4c-9.7 9.3-9.9 24.8-.4 34.3l11 10.9c9.4 9.4 24.6 9.4 33.9 0L404.3 273c9.4-9.4 9.4-24.6 0-33.9L271.6 106.3c-9.4-9.4-24.6-9.4-33.9 0l-11 10.9c-9.5 9.6-9.3 25.1.4 34.4z\"><\/path><\/svg>\t\t\t\t\t\t<\/span>\n\t\t\t\t\t\t\t\t\t\t<span class=\"elementor-icon-list-text\">Link do wynik\u00f3w<\/span>\n\t\t\t\t\t\t\t\t\t\t\t<\/a>\n\t\t\t\t\t\t\t\t\t<\/li>\n\t\t\t\t\t\t<\/ul>\n\t\t\t\t\t\t<\/div>\n\t\t\t\t<\/div>\n\t\t\t\t<\/div>\n\t\t\t\t<\/div>\n\t\t\t\t\t<\/div>\n\t\t\t\t<\/div>\n\t\t<div class=\"elementor-element elementor-element-f2794b3 e-flex e-con-boxed e-con e-parent\" data-id=\"f2794b3\" data-element_type=\"container\" data-e-type=\"container\">\n\t\t\t\t\t<div class=\"e-con-inner\">\n\t\t<div class=\"elementor-element elementor-element-ac871de e-con-full e-flex e-con e-child\" data-id=\"ac871de\" data-element_type=\"container\" data-e-type=\"container\">\n\t\t<div class=\"elementor-element elementor-element-797d06c e-con-full e-flex e-con e-child\" data-id=\"797d06c\" data-element_type=\"container\" data-e-type=\"container\">\n\t\t\t\t<div class=\"elementor-element elementor-element-7eb9a82 elementor-widget elementor-widget-image\" data-id=\"7eb9a82\" data-element_type=\"widget\" data-e-type=\"widget\" data-widget_type=\"image.default\">\n\t\t\t\t\t\t\t\t\t\t\t\t\t\t\t<img loading=\"lazy\" decoding=\"async\" width=\"767\" height=\"1024\" src=\"https:\/\/inzynier.rzeszow.pl\/wp-content\/uploads\/2025\/12\/2025-08-12-kol.Sobek_1-767x1024.jpg\" class=\"attachment-large size-large wp-image-2092\" alt=\"\" srcset=\"https:\/\/inzynier.rzeszow.pl\/wp-content\/uploads\/2025\/12\/2025-08-12-kol.Sobek_1-767x1024.jpg 767w, https:\/\/inzynier.rzeszow.pl\/wp-content\/uploads\/2025\/12\/2025-08-12-kol.Sobek_1-225x300.jpg 225w, https:\/\/inzynier.rzeszow.pl\/wp-content\/uploads\/2025\/12\/2025-08-12-kol.Sobek_1-768x1025.jpg 768w, https:\/\/inzynier.rzeszow.pl\/wp-content\/uploads\/2025\/12\/2025-08-12-kol.Sobek_1-1151x1536.jpg 1151w, https:\/\/inzynier.rzeszow.pl\/wp-content\/uploads\/2025\/12\/2025-08-12-kol.Sobek_1-1535x2048.jpg 1535w, https:\/\/inzynier.rzeszow.pl\/wp-content\/uploads\/2025\/12\/2025-08-12-kol.Sobek_1-scaled.jpg 1919w\" sizes=\"(max-width: 767px) 100vw, 767px\" \/>\t\t\t\t\t\t\t\t\t\t\t\t\t\t\t<\/div>\n\t\t\t\t<\/div>\n\t\t<div class=\"elementor-element elementor-element-f3b46fe e-con-full e-flex e-con e-child\" data-id=\"f3b46fe\" data-element_type=\"container\" data-e-type=\"container\">\n\t\t\t\t<div class=\"elementor-element elementor-element-e36ab8d elementor-widget elementor-widget-heading\" data-id=\"e36ab8d\" data-element_type=\"widget\" data-e-type=\"widget\" data-widget_type=\"heading.default\">\n\t\t\t\t\t<h2 class=\"elementor-heading-title elementor-size-default\">Kol. Mateusz Sobek - sierpniowe triumfy w biegach<\/h2>\t\t\t\t<\/div>\n\t\t\t\t<div class=\"elementor-element elementor-element-f2056bc elementor-widget elementor-widget-text-editor\" data-id=\"f2056bc\" data-element_type=\"widget\" data-e-type=\"widget\" data-widget_type=\"text-editor.default\">\n\t\t\t\t\t\t\t\t\t<p><span style=\"font-size: xx-small;\">W sierpniu 2025 roku kol. Mateusz Sobek reprezentant PDK OIIB w Nordic Walking zaprezentowa\u0142 znakomit\u0105 form\u0119 i konsekwencj\u0119, trzykrotnie staj\u0105c na podium w r\u00f3\u017cnych biegowych wydarzeniach. Jego wyniki pokazuj\u0105 nie tylko wytrzyma\u0142o\u015b\u0107 i determinacj\u0119, ale tak\u017ce regularny progres, w ostatnim starcie si\u0119gn\u0105\u0142 po zwyci\u0119stwo z bardzo dobrym czasem 37:31 na 5,5 km.<br \/><\/span><strong>02.08.2025 r.<\/strong>\u00a0&#8211; III etap Grand Prix Podkarpacia odby\u0142 si\u0119 w miejscowo\u015bci Tarnawka. Do rywalizacji na dystansie 5 km zg\u0142osi\u0142o si\u0119 ponad stu zawodnik\u00f3w. Kol. Mateusz Sobek z czasem 41:35 zaj\u0105\u0142 2 miejsce w swojej kategorii wiekowej.<br \/><strong>10.08.2025 r.<\/strong>\u00a0&#8211; odby\u0142 si\u0119 przedostatni IV etap Grand Prix Podkarpacia. Zawody odbywa\u0142y si\u0119 na terenie Zespo\u0142u Parkowo &#8211; Dworkowego i Folwarcznego w Wi\u015bniowej. Kolejny raz z 2 miejscem na podium w swojej kategorii wiekowej.\u00a0<br \/><strong>11.08.2025 r.<\/strong>\u00a0&#8211; w Wieszchos\u0142awicach (k. Tarnowa) zorganizowany zosta\u0142 Bieg Le\u015bny. Zawodnicy mogli wybiera\u0107 rywalizacj\u0119 z po\u015br\u00f3d kilku r\u00f3\u017cnych dystans\u00f3w w tym marsz Nordic Walking na dystansie 5,5 km. Tym razem 1 miejsce w swojej kategorii wiekowej z czasem 37:31.<br \/><br \/>Gratulujemy \u015bwietnych wynik\u00f3w i \u017cyczymy dalszych sukces\u00f3w! Czekamy na kolejne podium &#8211; mo\u017ce ju\u017c wkr\u00f3tce z nowymi rekordami \u017cyciowymi? Trzymamy kciuki i kibicujemy w kolejnych startach!<\/p>\n<p>fot.: prywatne<\/p>\t\t\t\t\t\t\t\t<\/div>\n\t\t<div class=\"elementor-element elementor-element-a6021f6 e-con-full e-flex e-con e-child\" data-id=\"a6021f6\" data-element_type=\"container\" data-e-type=\"container\">\n\t\t\t\t<div class=\"elementor-element elementor-element-e75e4d6 elementor-widget__width-inherit elementor-icon-list--layout-traditional elementor-list-item-link-full_width elementor-widget elementor-widget-icon-list\" data-id=\"e75e4d6\" data-element_type=\"widget\" data-e-type=\"widget\" data-widget_type=\"icon-list.default\">\n\t\t\t\t\t\t\t<ul class=\"elementor-icon-list-items\">\n\t\t\t\t\t\t\t<li class=\"elementor-icon-list-item\">\n\t\t\t\t\t\t\t\t\t\t\t<a href=\"https:\/\/www.facebook.com\/PodkarpackaOIIB\/posts\/pfbid0qEbLWa6uRkHjdsyRsdqjog7mkA7ECTeVxEA4hpicHwG9FmRdgfgiboiLgijxf5PGl\" target=\"_blank\">\n\n\t\t\t\t\t\t\t\t\t\t\t\t<span class=\"elementor-icon-list-icon\">\n\t\t\t\t\t\t\t<svg aria-hidden=\"true\" class=\"e-font-icon-svg e-fas-arrow-circle-right\" viewBox=\"0 0 512 512\" xmlns=\"http:\/\/www.w3.org\/2000\/svg\"><path d=\"M256 8c137 0 248 111 248 248S393 504 256 504 8 393 8 256 119 8 256 8zm-28.9 143.6l75.5 72.4H120c-13.3 0-24 10.7-24 24v16c0 13.3 10.7 24 24 24h182.6l-75.5 72.4c-9.7 9.3-9.9 24.8-.4 34.3l11 10.9c9.4 9.4 24.6 9.4 33.9 0L404.3 273c9.4-9.4 9.4-24.6 0-33.9L271.6 106.3c-9.4-9.4-24.6-9.4-33.9 0l-11 10.9c-9.5 9.6-9.3 25.1.4 34.4z\"><\/path><\/svg>\t\t\t\t\t\t<\/span>\n\t\t\t\t\t\t\t\t\t\t<span class=\"elementor-icon-list-text\">Galeria Fotograficzna<\/span>\n\t\t\t\t\t\t\t\t\t\t\t<\/a>\n\t\t\t\t\t\t\t\t\t<\/li>\n\t\t\t\t\t\t<\/ul>\n\t\t\t\t\t\t<\/div>\n\t\t\t\t<\/div>\n\t\t\t\t<\/div>\n\t\t\t\t<\/div>\n\t\t\t\t\t<\/div>\n\t\t\t\t<\/div>\n\t\t<div class=\"elementor-element elementor-element-a911b7b e-flex e-con-boxed e-con e-parent\" data-id=\"a911b7b\" data-element_type=\"container\" data-e-type=\"container\">\n\t\t\t\t\t<div class=\"e-con-inner\">\n\t\t<div class=\"elementor-element elementor-element-ce3c81e e-con-full e-flex e-con e-child\" data-id=\"ce3c81e\" data-element_type=\"container\" data-e-type=\"container\">\n\t\t<div class=\"elementor-element elementor-element-864c05c e-con-full e-flex e-con e-child\" data-id=\"864c05c\" data-element_type=\"container\" data-e-type=\"container\">\n\t\t\t\t<div class=\"elementor-element elementor-element-4183c01 elementor-widget elementor-widget-image\" data-id=\"4183c01\" data-element_type=\"widget\" data-e-type=\"widget\" data-widget_type=\"image.default\">\n\t\t\t\t\t\t\t\t\t\t\t\t\t\t\t<img loading=\"lazy\" decoding=\"async\" width=\"768\" height=\"1024\" src=\"https:\/\/inzynier.rzeszow.pl\/wp-content\/uploads\/2025\/12\/2025-07-30-bieg_sleczka1-768x1024.jpeg\" class=\"attachment-large size-large wp-image-2093\" alt=\"\" srcset=\"https:\/\/inzynier.rzeszow.pl\/wp-content\/uploads\/2025\/12\/2025-07-30-bieg_sleczka1-768x1024.jpeg 768w, https:\/\/inzynier.rzeszow.pl\/wp-content\/uploads\/2025\/12\/2025-07-30-bieg_sleczka1-225x300.jpeg 225w, https:\/\/inzynier.rzeszow.pl\/wp-content\/uploads\/2025\/12\/2025-07-30-bieg_sleczka1-1152x1536.jpeg 1152w, https:\/\/inzynier.rzeszow.pl\/wp-content\/uploads\/2025\/12\/2025-07-30-bieg_sleczka1.jpeg 1440w\" sizes=\"(max-width: 768px) 100vw, 768px\" \/>\t\t\t\t\t\t\t\t\t\t\t\t\t\t\t<\/div>\n\t\t\t\t<\/div>\n\t\t<div class=\"elementor-element elementor-element-0e1a779 e-con-full e-flex e-con e-child\" data-id=\"0e1a779\" data-element_type=\"container\" data-e-type=\"container\">\n\t\t\t\t<div class=\"elementor-element elementor-element-3bf03ce elementor-widget elementor-widget-heading\" data-id=\"3bf03ce\" data-element_type=\"widget\" data-e-type=\"widget\" data-widget_type=\"heading.default\">\n\t\t\t\t\t<h2 class=\"elementor-heading-title elementor-size-default\">Kol. Damian \u015al\u0119czka - \u015bwietny wynik na Pog\u00f3rze Ultra Trail (PUT) 2025!<\/h2>\t\t\t\t<\/div>\n\t\t\t\t<div class=\"elementor-element elementor-element-a7c1cb2 elementor-widget elementor-widget-text-editor\" data-id=\"a7c1cb2\" data-element_type=\"widget\" data-e-type=\"widget\" data-widget_type=\"text-editor.default\">\n\t\t\t\t\t\t\t\t\t<p>Sk\u0142adamy gratulacje reprezentantowi PDK OIIB w biegach kol. Damianowi \u015al\u0119czce za \u015bwietny wynik na Pog\u00f3rze Ultra Trail (PUT) 2025! Podsumowanie wyniku:<br \/>&#8211; Miejsce: Strzy\u017c\u00f3w<br \/>&#8211; Data: 26 lipca 2025, start o 5:00<br \/>&#8211; Dystans: 69 km<br \/>&#8211; Przewy\u017cszenia: 2300 m<br \/>&#8211; Czas: 7:30:49<br \/>&#8211; Klasyfikacja Open: 4. miejsce<br \/>&#8211; Kategoria wiekowa M36-50: 1. miejsce<br \/><br \/>To imponuj\u0105cy rezultat, zw\u0142aszcza zwyci\u0119stwo w swojej kategorii wiekowej i wysokie miejsce w klasyfikacji generalnej. PUT to wymagaj\u0105cy bieg g\u00f3rski, a pokonanie trasy z takim czasem \u015bwiadczy o doskona\u0142ej formie i przygotowaniu.\u00a0<br \/>Czym kol. Damian \u015al\u0119czka zaskoczy nas jeszcze w 2025 roku?\u00a0<br \/>fot.: prywatne, @PogorzeUltraTrail<\/p>\t\t\t\t\t\t\t\t<\/div>\n\t\t<div class=\"elementor-element elementor-element-642949f e-con-full e-flex e-con e-child\" data-id=\"642949f\" data-element_type=\"container\" data-e-type=\"container\">\n\t\t\t\t<div class=\"elementor-element elementor-element-b7772ee elementor-widget__width-inherit elementor-icon-list--layout-traditional elementor-list-item-link-full_width elementor-widget elementor-widget-icon-list\" data-id=\"b7772ee\" data-element_type=\"widget\" data-e-type=\"widget\" data-widget_type=\"icon-list.default\">\n\t\t\t\t\t\t\t<ul class=\"elementor-icon-list-items\">\n\t\t\t\t\t\t\t<li class=\"elementor-icon-list-item\">\n\t\t\t\t\t\t\t\t\t\t\t<a href=\"https:\/\/www.facebook.com\/PodkarpackaOIIB\/posts\/pfbid033o1uPP3tng3HF7EDEBVkwAbgtZf2X3n5iiNe3ft9cfxXrGcPnJX6Z1hXdZhamrjEl\" target=\"_blank\">\n\n\t\t\t\t\t\t\t\t\t\t\t\t<span class=\"elementor-icon-list-icon\">\n\t\t\t\t\t\t\t<svg aria-hidden=\"true\" class=\"e-font-icon-svg e-fas-arrow-circle-right\" viewBox=\"0 0 512 512\" xmlns=\"http:\/\/www.w3.org\/2000\/svg\"><path d=\"M256 8c137 0 248 111 248 248S393 504 256 504 8 393 8 256 119 8 256 8zm-28.9 143.6l75.5 72.4H120c-13.3 0-24 10.7-24 24v16c0 13.3 10.7 24 24 24h182.6l-75.5 72.4c-9.7 9.3-9.9 24.8-.4 34.3l11 10.9c9.4 9.4 24.6 9.4 33.9 0L404.3 273c9.4-9.4 9.4-24.6 0-33.9L271.6 106.3c-9.4-9.4-24.6-9.4-33.9 0l-11 10.9c-9.5 9.6-9.3 25.1.4 34.4z\"><\/path><\/svg>\t\t\t\t\t\t<\/span>\n\t\t\t\t\t\t\t\t\t\t<span class=\"elementor-icon-list-text\">Galeria Fotograficzna<\/span>\n\t\t\t\t\t\t\t\t\t\t\t<\/a>\n\t\t\t\t\t\t\t\t\t<\/li>\n\t\t\t\t\t\t\t\t<li class=\"elementor-icon-list-item\">\n\t\t\t\t\t\t\t\t\t\t\t<a href=\"https:\/\/my.raceresult.com\/352514\/results\" target=\"_blank\">\n\n\t\t\t\t\t\t\t\t\t\t\t\t<span class=\"elementor-icon-list-icon\">\n\t\t\t\t\t\t\t<svg aria-hidden=\"true\" class=\"e-font-icon-svg e-fas-arrow-circle-right\" viewBox=\"0 0 512 512\" xmlns=\"http:\/\/www.w3.org\/2000\/svg\"><path d=\"M256 8c137 0 248 111 248 248S393 504 256 504 8 393 8 256 119 8 256 8zm-28.9 143.6l75.5 72.4H120c-13.3 0-24 10.7-24 24v16c0 13.3 10.7 24 24 24h182.6l-75.5 72.4c-9.7 9.3-9.9 24.8-.4 34.3l11 10.9c9.4 9.4 24.6 9.4 33.9 0L404.3 273c9.4-9.4 9.4-24.6 0-33.9L271.6 106.3c-9.4-9.4-24.6-9.4-33.9 0l-11 10.9c-9.5 9.6-9.3 25.1.4 34.4z\"><\/path><\/svg>\t\t\t\t\t\t<\/span>\n\t\t\t\t\t\t\t\t\t\t<span class=\"elementor-icon-list-text\">Link do wynik\u00f3w<\/span>\n\t\t\t\t\t\t\t\t\t\t\t<\/a>\n\t\t\t\t\t\t\t\t\t<\/li>\n\t\t\t\t\t\t<\/ul>\n\t\t\t\t\t\t<\/div>\n\t\t\t\t<\/div>\n\t\t\t\t<\/div>\n\t\t\t\t<\/div>\n\t\t\t\t\t<\/div>\n\t\t\t\t<\/div>\n\t\t<div class=\"elementor-element elementor-element-3736bdb e-flex e-con-boxed e-con e-parent\" data-id=\"3736bdb\" data-element_type=\"container\" data-e-type=\"container\">\n\t\t\t\t\t<div class=\"e-con-inner\">\n\t\t<div class=\"elementor-element elementor-element-a37c79c e-con-full e-flex e-con e-child\" data-id=\"a37c79c\" data-element_type=\"container\" data-e-type=\"container\">\n\t\t<div class=\"elementor-element elementor-element-8d360c3 e-con-full e-flex e-con e-child\" data-id=\"8d360c3\" data-element_type=\"container\" data-e-type=\"container\">\n\t\t\t\t<div class=\"elementor-element elementor-element-1546b27 elementor-widget elementor-widget-image\" data-id=\"1546b27\" data-element_type=\"widget\" data-e-type=\"widget\" data-widget_type=\"image.default\">\n\t\t\t\t\t\t\t\t\t\t\t\t\t\t\t<img loading=\"lazy\" decoding=\"async\" width=\"1024\" height=\"682\" src=\"https:\/\/inzynier.rzeszow.pl\/wp-content\/uploads\/2025\/12\/2025-07-29_nord_sobek_1-1024x682.jpg\" class=\"attachment-large size-large wp-image-2094\" alt=\"\" srcset=\"https:\/\/inzynier.rzeszow.pl\/wp-content\/uploads\/2025\/12\/2025-07-29_nord_sobek_1-1024x682.jpg 1024w, https:\/\/inzynier.rzeszow.pl\/wp-content\/uploads\/2025\/12\/2025-07-29_nord_sobek_1-300x200.jpg 300w, https:\/\/inzynier.rzeszow.pl\/wp-content\/uploads\/2025\/12\/2025-07-29_nord_sobek_1-768x511.jpg 768w, https:\/\/inzynier.rzeszow.pl\/wp-content\/uploads\/2025\/12\/2025-07-29_nord_sobek_1-1536x1022.jpg 1536w, https:\/\/inzynier.rzeszow.pl\/wp-content\/uploads\/2025\/12\/2025-07-29_nord_sobek_1.jpg 2048w\" sizes=\"(max-width: 1024px) 100vw, 1024px\" \/>\t\t\t\t\t\t\t\t\t\t\t\t\t\t\t<\/div>\n\t\t\t\t<\/div>\n\t\t<div class=\"elementor-element elementor-element-db87688 e-con-full e-flex e-con e-child\" data-id=\"db87688\" data-element_type=\"container\" data-e-type=\"container\">\n\t\t\t\t<div class=\"elementor-element elementor-element-5734333 elementor-widget elementor-widget-heading\" data-id=\"5734333\" data-element_type=\"widget\" data-e-type=\"widget\" data-widget_type=\"heading.default\">\n\t\t\t\t\t<h2 class=\"elementor-heading-title elementor-size-default\">Kol. Mateusz Sobek \u2013 3-miejsce w Nordic Walking w Szczecinie<\/h2>\t\t\t\t<\/div>\n\t\t\t\t<div class=\"elementor-element elementor-element-7e57b1e elementor-widget elementor-widget-text-editor\" data-id=\"7e57b1e\" data-element_type=\"widget\" data-e-type=\"widget\" data-widget_type=\"text-editor.default\">\n\t\t\t\t\t\t\t\t\t<p>W sobot\u0119 26 lipca 2025 r. do Szczecina przyjechali zawodnicy z ca\u0142ej Polski. Reprezentant PDK OIIB w Nordic Walking kol. Mateusz Sobek uczestniczy\u0142 tam w zawodach Ligi P\u00f3\u0142nocy w ramach Polskiej Ligi Nordic Walking. Dziesi\u0119ciokilometrowa trasa bieg\u0142a przez urokliwe \u015bcie\u017cki parku le\u015bnego G\u0142\u0119bokie. Nasz reprezentant z czasem 1:15:38 zaj\u0105\u0142 trzecie miejscu w swojej kategorii wiekowej M16-44. \u017byczymy kolejnych sukces\u00f3w na sportowej drodze.<\/p>\n<p>fot.: prywatne, Eryk Witek FOTOGRAFIA<\/p>\t\t\t\t\t\t\t\t<\/div>\n\t\t\t\t<\/div>\n\t\t\t\t<\/div>\n\t\t\t\t\t<\/div>\n\t\t\t\t<\/div>\n\t\t<div class=\"elementor-element elementor-element-93df573 e-flex e-con-boxed e-con e-parent\" data-id=\"93df573\" data-element_type=\"container\" data-e-type=\"container\">\n\t\t\t\t\t<div class=\"e-con-inner\">\n\t\t<div class=\"elementor-element elementor-element-8bd9b97 e-con-full e-flex e-con e-child\" data-id=\"8bd9b97\" data-element_type=\"container\" data-e-type=\"container\">\n\t\t<div class=\"elementor-element elementor-element-9ee4030 e-con-full e-flex e-con e-child\" data-id=\"9ee4030\" data-element_type=\"container\" data-e-type=\"container\">\n\t\t\t\t<div class=\"elementor-element elementor-element-12efce0 elementor-widget elementor-widget-image\" data-id=\"12efce0\" data-element_type=\"widget\" data-e-type=\"widget\" data-widget_type=\"image.default\">\n\t\t\t\t\t\t\t\t\t\t\t\t\t\t\t<img loading=\"lazy\" decoding=\"async\" width=\"1024\" height=\"683\" src=\"https:\/\/inzynier.rzeszow.pl\/wp-content\/uploads\/2025\/12\/2025-07-13-galicyjska_10_1-1024x683.jpg\" class=\"attachment-large size-large wp-image-2095\" alt=\"\" srcset=\"https:\/\/inzynier.rzeszow.pl\/wp-content\/uploads\/2025\/12\/2025-07-13-galicyjska_10_1-1024x683.jpg 1024w, https:\/\/inzynier.rzeszow.pl\/wp-content\/uploads\/2025\/12\/2025-07-13-galicyjska_10_1-300x200.jpg 300w, https:\/\/inzynier.rzeszow.pl\/wp-content\/uploads\/2025\/12\/2025-07-13-galicyjska_10_1-768x512.jpg 768w, https:\/\/inzynier.rzeszow.pl\/wp-content\/uploads\/2025\/12\/2025-07-13-galicyjska_10_1-1536x1024.jpg 1536w, https:\/\/inzynier.rzeszow.pl\/wp-content\/uploads\/2025\/12\/2025-07-13-galicyjska_10_1.jpg 2048w\" sizes=\"(max-width: 1024px) 100vw, 1024px\" \/>\t\t\t\t\t\t\t\t\t\t\t\t\t\t\t<\/div>\n\t\t\t\t<\/div>\n\t\t<div class=\"elementor-element elementor-element-5bd3ada e-con-full e-flex e-con e-child\" data-id=\"5bd3ada\" data-element_type=\"container\" data-e-type=\"container\">\n\t\t\t\t<div class=\"elementor-element elementor-element-2cb920c elementor-widget elementor-widget-heading\" data-id=\"2cb920c\" data-element_type=\"widget\" data-e-type=\"widget\" data-widget_type=\"heading.default\">\n\t\t\t\t\t<h2 class=\"elementor-heading-title elementor-size-default\">Kol. Damian \u015al\u0119czka - 1 miejsce I Galicyjska 10-tka Podkarpackiej Okr\u0119gowej Izby In\u017cynier\u00f3w Budownictwa - 13.07.2025 r., Urzejowice <\/h2>\t\t\t\t<\/div>\n\t\t\t\t<div class=\"elementor-element elementor-element-e8fa253 elementor-widget elementor-widget-text-editor\" data-id=\"e8fa253\" data-element_type=\"widget\" data-e-type=\"widget\" data-widget_type=\"text-editor.default\">\n\t\t\t\t\t\t\t\t\t<p>W dniu 13 lipca 2025 r. w Urzejowicach (powiat przeworski) odby\u0142a si\u0119 I Galicyjska 10-tka Podkarpackiej Okr\u0119gowej Izby In\u017cynier\u00f3w<strong>\u00a0<\/strong>podczas<strong>\u00a0<\/strong>wydarzenia sportowego I Galicyjska 10-tka. Gratulujemy wszystkim<strong>\u00a0<\/strong>startuj\u0105cym, a w\u015br\u00f3d nich nie brakuje znajomych twarzy. Na starcie stan\u0119li zast\u0119pca przewodnicz\u0105cego PDK OIIB Wac\u0142aw Kami\u0144ski i nasz reprezentant w biegach Damian \u015al\u0119czka.<\/p>\t\t\t\t\t\t\t\t<\/div>\n\t\t<div class=\"elementor-element elementor-element-97a32ca e-con-full e-flex e-con e-child\" data-id=\"97a32ca\" data-element_type=\"container\" data-e-type=\"container\">\n\t\t\t\t<div class=\"elementor-element elementor-element-d9660f4 elementor-widget__width-inherit elementor-icon-list--layout-traditional elementor-list-item-link-full_width elementor-widget elementor-widget-icon-list\" data-id=\"d9660f4\" data-element_type=\"widget\" data-e-type=\"widget\" data-widget_type=\"icon-list.default\">\n\t\t\t\t\t\t\t<ul class=\"elementor-icon-list-items\">\n\t\t\t\t\t\t\t<li class=\"elementor-icon-list-item\">\n\t\t\t\t\t\t\t\t\t\t\t<a href=\"https:\/\/inzynier.rzeszow.pl\/index.php?&#038;sRC=N&#038;pageTarget=article&#038;AIndex=KGALIC25&#038;menId=93&#038;mId=365&#038;sMId=770\" target=\"_blank\">\n\n\t\t\t\t\t\t\t\t\t\t\t\t<span class=\"elementor-icon-list-icon\">\n\t\t\t\t\t\t\t<svg aria-hidden=\"true\" class=\"e-font-icon-svg e-fas-arrow-circle-right\" viewBox=\"0 0 512 512\" xmlns=\"http:\/\/www.w3.org\/2000\/svg\"><path d=\"M256 8c137 0 248 111 248 248S393 504 256 504 8 393 8 256 119 8 256 8zm-28.9 143.6l75.5 72.4H120c-13.3 0-24 10.7-24 24v16c0 13.3 10.7 24 24 24h182.6l-75.5 72.4c-9.7 9.3-9.9 24.8-.4 34.3l11 10.9c9.4 9.4 24.6 9.4 33.9 0L404.3 273c9.4-9.4 9.4-24.6 0-33.9L271.6 106.3c-9.4-9.4-24.6-9.4-33.9 0l-11 10.9c-9.5 9.6-9.3 25.1.4 34.4z\"><\/path><\/svg>\t\t\t\t\t\t<\/span>\n\t\t\t\t\t\t\t\t\t\t<span class=\"elementor-icon-list-text\">Wi\u0119cej<\/span>\n\t\t\t\t\t\t\t\t\t\t\t<\/a>\n\t\t\t\t\t\t\t\t\t<\/li>\n\t\t\t\t\t\t<\/ul>\n\t\t\t\t\t\t<\/div>\n\t\t\t\t<\/div>\n\t\t\t\t<\/div>\n\t\t\t\t<\/div>\n\t\t\t\t\t<\/div>\n\t\t\t\t<\/div>\n\t\t<div class=\"elementor-element elementor-element-313c45a e-flex e-con-boxed e-con e-parent\" data-id=\"313c45a\" data-element_type=\"container\" data-e-type=\"container\">\n\t\t\t\t\t<div class=\"e-con-inner\">\n\t\t<div class=\"elementor-element elementor-element-9b86ff5 e-con-full e-flex e-con e-child\" data-id=\"9b86ff5\" data-element_type=\"container\" data-e-type=\"container\">\n\t\t<div class=\"elementor-element elementor-element-838de85 e-con-full e-flex e-con e-child\" data-id=\"838de85\" data-element_type=\"container\" data-e-type=\"container\">\n\t\t\t\t<div class=\"elementor-element elementor-element-c6d451b elementor-widget elementor-widget-image\" data-id=\"c6d451b\" data-element_type=\"widget\" data-e-type=\"widget\" data-widget_type=\"image.default\">\n\t\t\t\t\t\t\t\t\t\t\t\t\t\t\t<img loading=\"lazy\" decoding=\"async\" width=\"1024\" height=\"683\" src=\"https:\/\/inzynier.rzeszow.pl\/wp-content\/uploads\/2025\/12\/2025-06-30-bieg_Sleczka-1024x683.jpg\" class=\"attachment-large size-large wp-image-2096\" alt=\"\" srcset=\"https:\/\/inzynier.rzeszow.pl\/wp-content\/uploads\/2025\/12\/2025-06-30-bieg_Sleczka-1024x683.jpg 1024w, https:\/\/inzynier.rzeszow.pl\/wp-content\/uploads\/2025\/12\/2025-06-30-bieg_Sleczka-300x200.jpg 300w, https:\/\/inzynier.rzeszow.pl\/wp-content\/uploads\/2025\/12\/2025-06-30-bieg_Sleczka-768x512.jpg 768w, https:\/\/inzynier.rzeszow.pl\/wp-content\/uploads\/2025\/12\/2025-06-30-bieg_Sleczka-1536x1024.jpg 1536w, https:\/\/inzynier.rzeszow.pl\/wp-content\/uploads\/2025\/12\/2025-06-30-bieg_Sleczka.jpg 2048w\" sizes=\"(max-width: 1024px) 100vw, 1024px\" \/>\t\t\t\t\t\t\t\t\t\t\t\t\t\t\t<\/div>\n\t\t\t\t<\/div>\n\t\t<div class=\"elementor-element elementor-element-124640a e-con-full e-flex e-con e-child\" data-id=\"124640a\" data-element_type=\"container\" data-e-type=\"container\">\n\t\t\t\t<div class=\"elementor-element elementor-element-1787b58 elementor-widget elementor-widget-heading\" data-id=\"1787b58\" data-element_type=\"widget\" data-e-type=\"widget\" data-widget_type=\"heading.default\">\n\t\t\t\t\t<h2 class=\"elementor-heading-title elementor-size-default\">Kol. Damian \u015al\u0119czka - 3 miejsce w III. Biegu G\u00f3rskim im. Kuriera Jana \u0141o\u017ca\u0144skiego!<\/h2>\t\t\t\t<\/div>\n\t\t\t\t<div class=\"elementor-element elementor-element-98a8e73 elementor-widget elementor-widget-text-editor\" data-id=\"98a8e73\" data-element_type=\"widget\" data-e-type=\"widget\" data-widget_type=\"text-editor.default\">\n\t\t\t\t\t\t\t\t\t<p>Z rado\u015bci\u0105 informujemy, \u017ce nasz reprezentant w biegach kol. Damian \u015al\u0119czka uko\u0144czy\u0142 na 3 miejscu III. Bieg G\u00f3rski im. Kuriera Jana \u0141o\u017ca\u0144skiego! W dniu 29 czerwca 2025 r. w Posadzie Zarczy\u0144skiej pokona\u0142 dystans 21 km z przewy\u017cszeniem 500 m. Czas uko\u0144czenia: 1:41:33 w kategorii Open zapewni\u0142 znakomite 3. miejsce! To osi\u0105gni\u0119cie jest wynikiem pasji do biegania, kt\u00f3r\u0105 mo\u017cemy \u015bledzi\u0107 od kilku lat. Gratulujemy \u015bwietnego wyniku i dzi\u0119kujemy za reprezentowanie Podkarpackiej OIIB w kolejnej imprezie biegowej!<\/p>\n<p>fot. fb ktywnagminazarszyn<\/p>\t\t\t\t\t\t\t\t<\/div>\n\t\t<div class=\"elementor-element elementor-element-c6e3949 e-con-full e-flex e-con e-child\" data-id=\"c6e3949\" data-element_type=\"container\" data-e-type=\"container\">\n\t\t\t\t<div class=\"elementor-element elementor-element-56e1101 elementor-widget__width-inherit elementor-icon-list--layout-traditional elementor-list-item-link-full_width elementor-widget elementor-widget-icon-list\" data-id=\"56e1101\" data-element_type=\"widget\" data-e-type=\"widget\" data-widget_type=\"icon-list.default\">\n\t\t\t\t\t\t\t<ul class=\"elementor-icon-list-items\">\n\t\t\t\t\t\t\t<li class=\"elementor-icon-list-item\">\n\t\t\t\t\t\t\t\t\t\t\t<a href=\"https:\/\/www.facebook.com\/PodkarpackaOIIB\/posts\/pfbid02ydkhNHFiSUcn9h6o1KrJ5ZPhyQJFF6PXEn6LXcN5QxP7yizasnTYYdyWNfeEDChTl\" target=\"_blank\">\n\n\t\t\t\t\t\t\t\t\t\t\t\t<span class=\"elementor-icon-list-icon\">\n\t\t\t\t\t\t\t<svg aria-hidden=\"true\" class=\"e-font-icon-svg e-fas-arrow-circle-right\" viewBox=\"0 0 512 512\" xmlns=\"http:\/\/www.w3.org\/2000\/svg\"><path d=\"M256 8c137 0 248 111 248 248S393 504 256 504 8 393 8 256 119 8 256 8zm-28.9 143.6l75.5 72.4H120c-13.3 0-24 10.7-24 24v16c0 13.3 10.7 24 24 24h182.6l-75.5 72.4c-9.7 9.3-9.9 24.8-.4 34.3l11 10.9c9.4 9.4 24.6 9.4 33.9 0L404.3 273c9.4-9.4 9.4-24.6 0-33.9L271.6 106.3c-9.4-9.4-24.6-9.4-33.9 0l-11 10.9c-9.5 9.6-9.3 25.1.4 34.4z\"><\/path><\/svg>\t\t\t\t\t\t<\/span>\n\t\t\t\t\t\t\t\t\t\t<span class=\"elementor-icon-list-text\">Galeria Fotograficzna<\/span>\n\t\t\t\t\t\t\t\t\t\t\t<\/a>\n\t\t\t\t\t\t\t\t\t<\/li>\n\t\t\t\t\t\t<\/ul>\n\t\t\t\t\t\t<\/div>\n\t\t\t\t<\/div>\n\t\t\t\t<\/div>\n\t\t\t\t<\/div>\n\t\t\t\t\t<\/div>\n\t\t\t\t<\/div>\n\t\t<div class=\"elementor-element elementor-element-aa0f5d3 e-flex e-con-boxed e-con e-parent\" data-id=\"aa0f5d3\" data-element_type=\"container\" data-e-type=\"container\">\n\t\t\t\t\t<div class=\"e-con-inner\">\n\t\t<div class=\"elementor-element elementor-element-8df40f0 e-con-full e-flex e-con e-child\" data-id=\"8df40f0\" data-element_type=\"container\" data-e-type=\"container\">\n\t\t<div class=\"elementor-element elementor-element-6320228 e-con-full e-flex e-con e-child\" data-id=\"6320228\" data-element_type=\"container\" data-e-type=\"container\">\n\t\t\t\t<div class=\"elementor-element elementor-element-a0b40a9 elementor-widget elementor-widget-image\" data-id=\"a0b40a9\" data-element_type=\"widget\" data-e-type=\"widget\" data-widget_type=\"image.default\">\n\t\t\t\t\t\t\t\t\t\t\t\t\t\t\t<img loading=\"lazy\" decoding=\"async\" width=\"1024\" height=\"683\" src=\"https:\/\/inzynier.rzeszow.pl\/wp-content\/uploads\/2025\/12\/2025-06-10_bieg_sleczka_1-1024x683.jpg\" class=\"attachment-large size-large wp-image-2097\" alt=\"\" srcset=\"https:\/\/inzynier.rzeszow.pl\/wp-content\/uploads\/2025\/12\/2025-06-10_bieg_sleczka_1-1024x683.jpg 1024w, https:\/\/inzynier.rzeszow.pl\/wp-content\/uploads\/2025\/12\/2025-06-10_bieg_sleczka_1-300x200.jpg 300w, https:\/\/inzynier.rzeszow.pl\/wp-content\/uploads\/2025\/12\/2025-06-10_bieg_sleczka_1-768x512.jpg 768w, https:\/\/inzynier.rzeszow.pl\/wp-content\/uploads\/2025\/12\/2025-06-10_bieg_sleczka_1-1536x1024.jpg 1536w, https:\/\/inzynier.rzeszow.pl\/wp-content\/uploads\/2025\/12\/2025-06-10_bieg_sleczka_1.jpg 2048w\" sizes=\"(max-width: 1024px) 100vw, 1024px\" \/>\t\t\t\t\t\t\t\t\t\t\t\t\t\t\t<\/div>\n\t\t\t\t<\/div>\n\t\t<div class=\"elementor-element elementor-element-fc89067 e-con-full e-flex e-con e-child\" data-id=\"fc89067\" data-element_type=\"container\" data-e-type=\"container\">\n\t\t\t\t<div class=\"elementor-element elementor-element-c0586d3 elementor-widget elementor-widget-heading\" data-id=\"c0586d3\" data-element_type=\"widget\" data-e-type=\"widget\" data-widget_type=\"heading.default\">\n\t\t\t\t\t<h2 class=\"elementor-heading-title elementor-size-default\">Kol. Damian \u015al\u0119czka i kol. Mateusz Sobek po\u0142\u0105czyli si\u0142y podczas II edycji Kr\u00f3lewskiej Dyszki<\/h2>\t\t\t\t<\/div>\n\t\t\t\t<div class=\"elementor-element elementor-element-92827f5 elementor-widget elementor-widget-text-editor\" data-id=\"92827f5\" data-element_type=\"widget\" data-e-type=\"widget\" data-widget_type=\"text-editor.default\">\n\t\t\t\t\t\t\t\t\t<p>W dniu 07 czerwca 2025 r. w ramach II edycji Kr\u00f3lewskiej Dyszki organizowanej nad zalewem w Brz\u00f3zie Kr\u00f3lewskiej kol. Mateusz Sobek i kol. Damian \u015al\u0119czka reprezentowali Podkarpack\u0105 OIIB.<br \/>&#8211; Kol. Damian \u015al\u0119czka na dystansie 5,6 km w biegach z czasem uko\u0144czenia: 0:21:27 w Kategorii Open zaj\u0105\u0142 3 miejsce.<br \/>Gratulujemy !<\/p>\n<p>fot.:\u00a0<span class=\"html-span xdj266r x14z9mp xat24cr x1lziwak xexx8yu xyri2b x18d9i69 x1c1uobl x1hl2dhg x16tdsg8 x1vvkbs\"><span class=\"xt0psk2\"><span class=\"xjp7ctv\">Zalew w Brz\u00f3zie Kr\u00f3lewskiej<\/span><\/span><\/span><\/p>\t\t\t\t\t\t\t\t<\/div>\n\t\t<div class=\"elementor-element elementor-element-57747a0 e-con-full e-flex e-con e-child\" data-id=\"57747a0\" data-element_type=\"container\" data-e-type=\"container\">\n\t\t\t\t<div class=\"elementor-element elementor-element-2978cdd elementor-widget__width-inherit elementor-icon-list--layout-traditional elementor-list-item-link-full_width elementor-widget elementor-widget-icon-list\" data-id=\"2978cdd\" data-element_type=\"widget\" data-e-type=\"widget\" data-widget_type=\"icon-list.default\">\n\t\t\t\t\t\t\t<ul class=\"elementor-icon-list-items\">\n\t\t\t\t\t\t\t<li class=\"elementor-icon-list-item\">\n\t\t\t\t\t\t\t\t\t\t\t<a href=\"https:\/\/tiny.pl\/cf1dv\" target=\"_blank\">\n\n\t\t\t\t\t\t\t\t\t\t\t\t<span class=\"elementor-icon-list-icon\">\n\t\t\t\t\t\t\t<svg aria-hidden=\"true\" class=\"e-font-icon-svg e-fas-arrow-circle-right\" viewBox=\"0 0 512 512\" xmlns=\"http:\/\/www.w3.org\/2000\/svg\"><path d=\"M256 8c137 0 248 111 248 248S393 504 256 504 8 393 8 256 119 8 256 8zm-28.9 143.6l75.5 72.4H120c-13.3 0-24 10.7-24 24v16c0 13.3 10.7 24 24 24h182.6l-75.5 72.4c-9.7 9.3-9.9 24.8-.4 34.3l11 10.9c9.4 9.4 24.6 9.4 33.9 0L404.3 273c9.4-9.4 9.4-24.6 0-33.9L271.6 106.3c-9.4-9.4-24.6-9.4-33.9 0l-11 10.9c-9.5 9.6-9.3 25.1.4 34.4z\"><\/path><\/svg>\t\t\t\t\t\t<\/span>\n\t\t\t\t\t\t\t\t\t\t<span class=\"elementor-icon-list-text\">Link do wynik\u00f3w-<\/span>\n\t\t\t\t\t\t\t\t\t\t\t<\/a>\n\t\t\t\t\t\t\t\t\t<\/li>\n\t\t\t\t\t\t\t\t<li class=\"elementor-icon-list-item\">\n\t\t\t\t\t\t\t\t\t\t\t<a href=\"https:\/\/www.facebook.com\/PodkarpackaOIIB\/posts\/pfbid02DtaDJYyrtSFoimDzuMD2AiAneHanfrt2xxdE6rBht27YubSL1cmVeSDwenhn7SVzl\" target=\"_blank\">\n\n\t\t\t\t\t\t\t\t\t\t\t\t<span class=\"elementor-icon-list-icon\">\n\t\t\t\t\t\t\t<svg aria-hidden=\"true\" class=\"e-font-icon-svg e-fas-arrow-circle-right\" viewBox=\"0 0 512 512\" xmlns=\"http:\/\/www.w3.org\/2000\/svg\"><path d=\"M256 8c137 0 248 111 248 248S393 504 256 504 8 393 8 256 119 8 256 8zm-28.9 143.6l75.5 72.4H120c-13.3 0-24 10.7-24 24v16c0 13.3 10.7 24 24 24h182.6l-75.5 72.4c-9.7 9.3-9.9 24.8-.4 34.3l11 10.9c9.4 9.4 24.6 9.4 33.9 0L404.3 273c9.4-9.4 9.4-24.6 0-33.9L271.6 106.3c-9.4-9.4-24.6-9.4-33.9 0l-11 10.9c-9.5 9.6-9.3 25.1.4 34.4z\"><\/path><\/svg>\t\t\t\t\t\t<\/span>\n\t\t\t\t\t\t\t\t\t\t<span class=\"elementor-icon-list-text\">Wi\u0119cej<\/span>\n\t\t\t\t\t\t\t\t\t\t\t<\/a>\n\t\t\t\t\t\t\t\t\t<\/li>\n\t\t\t\t\t\t<\/ul>\n\t\t\t\t\t\t<\/div>\n\t\t\t\t<\/div>\n\t\t\t\t<\/div>\n\t\t\t\t<\/div>\n\t\t\t\t\t<\/div>\n\t\t\t\t<\/div>\n\t\t<div class=\"elementor-element elementor-element-abbc0aa e-flex e-con-boxed e-con e-parent\" data-id=\"abbc0aa\" data-element_type=\"container\" data-e-type=\"container\">\n\t\t\t\t\t<div class=\"e-con-inner\">\n\t\t<div class=\"elementor-element elementor-element-cf8a8b0 e-con-full e-flex e-con e-child\" data-id=\"cf8a8b0\" data-element_type=\"container\" data-e-type=\"container\">\n\t\t<div class=\"elementor-element elementor-element-9e5047f e-con-full e-flex e-con e-child\" data-id=\"9e5047f\" data-element_type=\"container\" data-e-type=\"container\">\n\t\t\t\t<div class=\"elementor-element elementor-element-add687f elementor-widget elementor-widget-image\" data-id=\"add687f\" data-element_type=\"widget\" data-e-type=\"widget\" data-widget_type=\"image.default\">\n\t\t\t\t\t\t\t\t\t\t\t\t\t\t\t<img loading=\"lazy\" decoding=\"async\" width=\"1024\" height=\"768\" src=\"https:\/\/inzynier.rzeszow.pl\/wp-content\/uploads\/2025\/12\/2025-06-10_nord_sobek-1024x768.jpg\" class=\"attachment-large size-large wp-image-2098\" alt=\"\" srcset=\"https:\/\/inzynier.rzeszow.pl\/wp-content\/uploads\/2025\/12\/2025-06-10_nord_sobek-1024x768.jpg 1024w, https:\/\/inzynier.rzeszow.pl\/wp-content\/uploads\/2025\/12\/2025-06-10_nord_sobek-300x225.jpg 300w, https:\/\/inzynier.rzeszow.pl\/wp-content\/uploads\/2025\/12\/2025-06-10_nord_sobek-768x576.jpg 768w, https:\/\/inzynier.rzeszow.pl\/wp-content\/uploads\/2025\/12\/2025-06-10_nord_sobek-1536x1152.jpg 1536w, https:\/\/inzynier.rzeszow.pl\/wp-content\/uploads\/2025\/12\/2025-06-10_nord_sobek.jpg 2040w\" sizes=\"(max-width: 1024px) 100vw, 1024px\" \/>\t\t\t\t\t\t\t\t\t\t\t\t\t\t\t<\/div>\n\t\t\t\t<\/div>\n\t\t<div class=\"elementor-element elementor-element-fe08a79 e-con-full e-flex e-con e-child\" data-id=\"fe08a79\" data-element_type=\"container\" data-e-type=\"container\">\n\t\t\t\t<div class=\"elementor-element elementor-element-5ac3ec1 elementor-widget elementor-widget-heading\" data-id=\"5ac3ec1\" data-element_type=\"widget\" data-e-type=\"widget\" data-widget_type=\"heading.default\">\n\t\t\t\t\t<h2 class=\"elementor-heading-title elementor-size-default\">Kol. Mateusz Sobek i kol. Damian \u015al\u0119czka po\u0142\u0105czyli si\u0142y podczas II edycji Kr\u00f3lewskiej Dyszki<\/h2>\t\t\t\t<\/div>\n\t\t\t\t<div class=\"elementor-element elementor-element-34b7c12 elementor-widget elementor-widget-text-editor\" data-id=\"34b7c12\" data-element_type=\"widget\" data-e-type=\"widget\" data-widget_type=\"text-editor.default\">\n\t\t\t\t\t\t\t\t\t<p>W dniu 07 czerwca 2025 r. w ramach II edycji Kr\u00f3lewskiej Dyszki organizowanej nad zalewem w Brz\u00f3zie Kr\u00f3lewskiej kol. Mateusz Sobek i kol. Damian \u015al\u0119czka reprezentowali Podkarpack\u0105 OIIB.<br \/>&#8211; Kol. Mateusz Sobek na dystansie 5 km w marszu nordic walking, z czasem 0:40:01 zaj\u0105\u0142 5 miejsce Open w\u015br\u00f3d m\u0119\u017cczyzn i 2 miejsce w kategorii wiekowej M40-49.<br \/>Gratulujemy!<\/p>\t\t\t\t\t\t\t\t<\/div>\n\t\t<div class=\"elementor-element elementor-element-7f761e2 e-con-full e-flex e-con e-child\" data-id=\"7f761e2\" data-element_type=\"container\" data-e-type=\"container\">\n\t\t\t\t<div class=\"elementor-element elementor-element-12251ab elementor-widget__width-inherit elementor-icon-list--layout-traditional elementor-list-item-link-full_width elementor-widget elementor-widget-icon-list\" data-id=\"12251ab\" data-element_type=\"widget\" data-e-type=\"widget\" data-widget_type=\"icon-list.default\">\n\t\t\t\t\t\t\t<ul class=\"elementor-icon-list-items\">\n\t\t\t\t\t\t\t<li class=\"elementor-icon-list-item\">\n\t\t\t\t\t\t\t\t\t\t\t<a href=\"https:\/\/www.facebook.com\/PodkarpackaOIIB\/posts\/pfbid02DtaDJYyrtSFoimDzuMD2AiAneHanfrt2xxdE6rBht27YubSL1cmVeSDwenhn7SVzl\" target=\"_blank\">\n\n\t\t\t\t\t\t\t\t\t\t\t\t<span class=\"elementor-icon-list-icon\">\n\t\t\t\t\t\t\t<svg aria-hidden=\"true\" class=\"e-font-icon-svg e-fas-arrow-circle-right\" viewBox=\"0 0 512 512\" xmlns=\"http:\/\/www.w3.org\/2000\/svg\"><path d=\"M256 8c137 0 248 111 248 248S393 504 256 504 8 393 8 256 119 8 256 8zm-28.9 143.6l75.5 72.4H120c-13.3 0-24 10.7-24 24v16c0 13.3 10.7 24 24 24h182.6l-75.5 72.4c-9.7 9.3-9.9 24.8-.4 34.3l11 10.9c9.4 9.4 24.6 9.4 33.9 0L404.3 273c9.4-9.4 9.4-24.6 0-33.9L271.6 106.3c-9.4-9.4-24.6-9.4-33.9 0l-11 10.9c-9.5 9.6-9.3 25.1.4 34.4z\"><\/path><\/svg>\t\t\t\t\t\t<\/span>\n\t\t\t\t\t\t\t\t\t\t<span class=\"elementor-icon-list-text\">Wi\u0119cej<\/span>\n\t\t\t\t\t\t\t\t\t\t\t<\/a>\n\t\t\t\t\t\t\t\t\t<\/li>\n\t\t\t\t\t\t<\/ul>\n\t\t\t\t\t\t<\/div>\n\t\t\t\t<\/div>\n\t\t\t\t<\/div>\n\t\t\t\t<\/div>\n\t\t\t\t\t<\/div>\n\t\t\t\t<\/div>\n\t\t<div class=\"elementor-element elementor-element-4416214 e-flex e-con-boxed e-con e-parent\" data-id=\"4416214\" data-element_type=\"container\" data-e-type=\"container\">\n\t\t\t\t\t<div class=\"e-con-inner\">\n\t\t<div class=\"elementor-element elementor-element-3ff4f98 e-con-full e-flex e-con e-child\" data-id=\"3ff4f98\" data-element_type=\"container\" data-e-type=\"container\">\n\t\t<div class=\"elementor-element elementor-element-958809d e-con-full e-flex e-con e-child\" data-id=\"958809d\" data-element_type=\"container\" data-e-type=\"container\">\n\t\t\t\t<div class=\"elementor-element elementor-element-8dc6c84 elementor-widget elementor-widget-image\" data-id=\"8dc6c84\" data-element_type=\"widget\" data-e-type=\"widget\" data-widget_type=\"image.default\">\n\t\t\t\t\t\t\t\t\t\t\t\t\t\t\t<img loading=\"lazy\" decoding=\"async\" width=\"960\" height=\"642\" src=\"https:\/\/inzynier.rzeszow.pl\/wp-content\/uploads\/2025\/12\/2025-06-04-bieg_sleczka.jpg\" class=\"attachment-large size-large wp-image-2099\" alt=\"\" srcset=\"https:\/\/inzynier.rzeszow.pl\/wp-content\/uploads\/2025\/12\/2025-06-04-bieg_sleczka.jpg 960w, https:\/\/inzynier.rzeszow.pl\/wp-content\/uploads\/2025\/12\/2025-06-04-bieg_sleczka-300x201.jpg 300w, https:\/\/inzynier.rzeszow.pl\/wp-content\/uploads\/2025\/12\/2025-06-04-bieg_sleczka-768x514.jpg 768w\" sizes=\"(max-width: 960px) 100vw, 960px\" \/>\t\t\t\t\t\t\t\t\t\t\t\t\t\t\t<\/div>\n\t\t\t\t<\/div>\n\t\t<div class=\"elementor-element elementor-element-5054f09 e-con-full e-flex e-con e-child\" data-id=\"5054f09\" data-element_type=\"container\" data-e-type=\"container\">\n\t\t\t\t<div class=\"elementor-element elementor-element-9810988 elementor-widget elementor-widget-heading\" data-id=\"9810988\" data-element_type=\"widget\" data-e-type=\"widget\" data-widget_type=\"heading.default\">\n\t\t\t\t\t<h2 class=\"elementor-heading-title elementor-size-default\">Kol. Damian \u015al\u0119czka -Podkarpacki Festiwal Sportowy \u2013 Ultrapodkarpacie 2025 - 3 miejsce!<\/h2>\t\t\t\t<\/div>\n\t\t\t\t<div class=\"elementor-element elementor-element-6e68eb4 elementor-widget elementor-widget-text-editor\" data-id=\"6e68eb4\" data-element_type=\"widget\" data-e-type=\"widget\" data-widget_type=\"text-editor.default\">\n\t\t\t\t\t\t\t\t\t<div dir=\"auto\">Nasz reprezentant w biegach kol. Damian \u015al\u0119czka zajmuje 3. miejsce w\u00a0Ultrapodkarpaciu 2025! 66 kilometr\u00f3w pokonane w czasie 5:46:56 \u2013 taki sam wynik jak srebro, ale to br\u0105z z charakterem. Kol. Damian \u015al\u0119czka zostawi\u0142 serce na trasie i do samego ko\u0144ca walczy\u0142 o podium. Szacunek za walk\u0119 i \u015bwietny finisz w wyj\u0105tkowej imprezie w kalendarzu bieg\u00f3w!<\/div>\n<div dir=\"auto\">Gratulujemy znakomitej formy i sportowego ducha!<\/div>\n<div dir=\"auto\">\u00a0<\/div>\n<div dir=\"auto\">fot. PODIUM<\/div>\t\t\t\t\t\t\t\t<\/div>\n\t\t<div class=\"elementor-element elementor-element-c797046 e-con-full e-flex e-con e-child\" data-id=\"c797046\" data-element_type=\"container\" data-e-type=\"container\">\n\t\t\t\t<div class=\"elementor-element elementor-element-c0da48d elementor-widget__width-inherit elementor-icon-list--layout-traditional elementor-list-item-link-full_width elementor-widget elementor-widget-icon-list\" data-id=\"c0da48d\" data-element_type=\"widget\" data-e-type=\"widget\" data-widget_type=\"icon-list.default\">\n\t\t\t\t\t\t\t<ul class=\"elementor-icon-list-items\">\n\t\t\t\t\t\t\t<li class=\"elementor-icon-list-item\">\n\t\t\t\t\t\t\t\t\t\t\t<a href=\"https:\/\/www.facebook.com\/PodkarpackaOIIB\/posts\/pfbid023n7SALwJprJMTnauMGrJ2ssEHQErbXGV29QhUrysBEix1xAUP8xHHPdXK3vznVJfl\" target=\"_blank\">\n\n\t\t\t\t\t\t\t\t\t\t\t\t<span class=\"elementor-icon-list-icon\">\n\t\t\t\t\t\t\t<svg aria-hidden=\"true\" class=\"e-font-icon-svg e-fas-arrow-circle-right\" viewBox=\"0 0 512 512\" xmlns=\"http:\/\/www.w3.org\/2000\/svg\"><path d=\"M256 8c137 0 248 111 248 248S393 504 256 504 8 393 8 256 119 8 256 8zm-28.9 143.6l75.5 72.4H120c-13.3 0-24 10.7-24 24v16c0 13.3 10.7 24 24 24h182.6l-75.5 72.4c-9.7 9.3-9.9 24.8-.4 34.3l11 10.9c9.4 9.4 24.6 9.4 33.9 0L404.3 273c9.4-9.4 9.4-24.6 0-33.9L271.6 106.3c-9.4-9.4-24.6-9.4-33.9 0l-11 10.9c-9.5 9.6-9.3 25.1.4 34.4z\"><\/path><\/svg>\t\t\t\t\t\t<\/span>\n\t\t\t\t\t\t\t\t\t\t<span class=\"elementor-icon-list-text\">Galeria Fotograficzna<\/span>\n\t\t\t\t\t\t\t\t\t\t\t<\/a>\n\t\t\t\t\t\t\t\t\t<\/li>\n\t\t\t\t\t\t\t\t<li class=\"elementor-icon-list-item\">\n\t\t\t\t\t\t\t\t\t\t\t<a href=\"https:\/\/tiny.pl\/x9-0b6q5\" target=\"_blank\">\n\n\t\t\t\t\t\t\t\t\t\t\t\t<span class=\"elementor-icon-list-icon\">\n\t\t\t\t\t\t\t<svg aria-hidden=\"true\" class=\"e-font-icon-svg e-fas-arrow-circle-right\" viewBox=\"0 0 512 512\" xmlns=\"http:\/\/www.w3.org\/2000\/svg\"><path d=\"M256 8c137 0 248 111 248 248S393 504 256 504 8 393 8 256 119 8 256 8zm-28.9 143.6l75.5 72.4H120c-13.3 0-24 10.7-24 24v16c0 13.3 10.7 24 24 24h182.6l-75.5 72.4c-9.7 9.3-9.9 24.8-.4 34.3l11 10.9c9.4 9.4 24.6 9.4 33.9 0L404.3 273c9.4-9.4 9.4-24.6 0-33.9L271.6 106.3c-9.4-9.4-24.6-9.4-33.9 0l-11 10.9c-9.5 9.6-9.3 25.1.4 34.4z\"><\/path><\/svg>\t\t\t\t\t\t<\/span>\n\t\t\t\t\t\t\t\t\t\t<span class=\"elementor-icon-list-text\">Link do wynik\u00f3w<\/span>\n\t\t\t\t\t\t\t\t\t\t\t<\/a>\n\t\t\t\t\t\t\t\t\t<\/li>\n\t\t\t\t\t\t<\/ul>\n\t\t\t\t\t\t<\/div>\n\t\t\t\t<\/div>\n\t\t\t\t<\/div>\n\t\t\t\t<\/div>\n\t\t\t\t\t<\/div>\n\t\t\t\t<\/div>\n\t\t<div class=\"elementor-element elementor-element-2c66e35 e-flex e-con-boxed e-con e-parent\" data-id=\"2c66e35\" data-element_type=\"container\" data-e-type=\"container\">\n\t\t\t\t\t<div class=\"e-con-inner\">\n\t\t<div class=\"elementor-element elementor-element-33ed5ae e-con-full e-flex e-con e-child\" data-id=\"33ed5ae\" data-element_type=\"container\" data-e-type=\"container\">\n\t\t<div class=\"elementor-element elementor-element-9a7c7b0 e-con-full e-flex e-con e-child\" data-id=\"9a7c7b0\" data-element_type=\"container\" data-e-type=\"container\">\n\t\t\t\t<div class=\"elementor-element elementor-element-b74fc43 elementor-widget elementor-widget-image\" data-id=\"b74fc43\" data-element_type=\"widget\" data-e-type=\"widget\" data-widget_type=\"image.default\">\n\t\t\t\t\t\t\t\t\t\t\t\t\t\t\t<img loading=\"lazy\" decoding=\"async\" width=\"1024\" height=\"768\" src=\"https:\/\/inzynier.rzeszow.pl\/wp-content\/uploads\/2025\/12\/2025-06-03_bieg_Sobek-1024x768.jpg\" class=\"attachment-large size-large wp-image-2100\" alt=\"\" srcset=\"https:\/\/inzynier.rzeszow.pl\/wp-content\/uploads\/2025\/12\/2025-06-03_bieg_Sobek-1024x768.jpg 1024w, https:\/\/inzynier.rzeszow.pl\/wp-content\/uploads\/2025\/12\/2025-06-03_bieg_Sobek-300x225.jpg 300w, https:\/\/inzynier.rzeszow.pl\/wp-content\/uploads\/2025\/12\/2025-06-03_bieg_Sobek-768x576.jpg 768w, https:\/\/inzynier.rzeszow.pl\/wp-content\/uploads\/2025\/12\/2025-06-03_bieg_Sobek-1536x1152.jpg 1536w, https:\/\/inzynier.rzeszow.pl\/wp-content\/uploads\/2025\/12\/2025-06-03_bieg_Sobek.jpg 1600w\" sizes=\"(max-width: 1024px) 100vw, 1024px\" \/>\t\t\t\t\t\t\t\t\t\t\t\t\t\t\t<\/div>\n\t\t\t\t<\/div>\n\t\t<div class=\"elementor-element elementor-element-c59b0dd e-con-full e-flex e-con e-child\" data-id=\"c59b0dd\" data-element_type=\"container\" data-e-type=\"container\">\n\t\t\t\t<div class=\"elementor-element elementor-element-beea299 elementor-widget elementor-widget-heading\" data-id=\"beea299\" data-element_type=\"widget\" data-e-type=\"widget\" data-widget_type=\"heading.default\">\n\t\t\t\t\t<h2 class=\"elementor-heading-title elementor-size-default\">Kol. Mateusz Sobek na starcie Grand Prix Podkarpacia Nordic Walking<\/h2>\t\t\t\t<\/div>\n\t\t\t\t<div class=\"elementor-element elementor-element-70ed961 elementor-widget elementor-widget-text-editor\" data-id=\"70ed961\" data-element_type=\"widget\" data-e-type=\"widget\" data-widget_type=\"text-editor.default\">\n\t\t\t\t\t\t\t\t\t<p>W dniu 1 czerwca 2025 r. reprezentant PDK OIIB Mateusz Sobek wzi\u0105\u0142 udzia\u0142 w marszu nordic walking na dystansie 5 km w ramach VI charytatywnego Biegu Kolorowej Skarpetki po\u0142\u0105czonego wraz z Grand Prix Podkarpacia Nordic Walking. Nasz reprezentant zaj\u0105\u0142 7 miejsce w kategorii Open w\u015br\u00f3d m\u0119\u017cczyzn i 3 miejsce w kategorii wiekowej M31-50 z czasem 34:38. Wydarzenie mia\u0142o miejsce na rzeszowskich Bulwarach, popularnym miejscu spacer\u00f3w i popo\u0142udniowego wypoczynku w Rzeszowie.<br \/>Gratulujemy kol. Mateuszowi \u015bwietnego wyniku, sportowego ducha i zaanga\u017cowania w inicjatywy, kt\u00f3re \u0142\u0105cz\u0105 rywalizacj\u0119 z pomoc\u0105 potrzebuj\u0105cym. Trzymamy kciuki za kolejne starty i sukcesy na trasach Podkarpacia i nie tylko!<\/p>\n<p>fot. prywatne<\/p>\t\t\t\t\t\t\t\t<\/div>\n\t\t\t\t<\/div>\n\t\t\t\t<\/div>\n\t\t\t\t\t<\/div>\n\t\t\t\t<\/div>\n\t\t<div class=\"elementor-element elementor-element-f7e0db8 e-flex e-con-boxed e-con e-parent\" data-id=\"f7e0db8\" data-element_type=\"container\" data-e-type=\"container\">\n\t\t\t\t\t<div class=\"e-con-inner\">\n\t\t<div class=\"elementor-element elementor-element-2ab73fb e-con-full e-flex e-con e-child\" data-id=\"2ab73fb\" data-element_type=\"container\" data-e-type=\"container\">\n\t\t<div class=\"elementor-element elementor-element-ef0c226 e-con-full e-flex e-con e-child\" data-id=\"ef0c226\" data-element_type=\"container\" data-e-type=\"container\">\n\t\t\t\t<div class=\"elementor-element elementor-element-a1e008c elementor-widget elementor-widget-image\" data-id=\"a1e008c\" data-element_type=\"widget\" data-e-type=\"widget\" data-widget_type=\"image.default\">\n\t\t\t\t\t\t\t\t\t\t\t\t\t\t\t<img loading=\"lazy\" decoding=\"async\" width=\"1024\" height=\"683\" src=\"https:\/\/inzynier.rzeszow.pl\/wp-content\/uploads\/2025\/12\/2025-05-13_bieganie_1-1024x683.jpg\" class=\"attachment-large size-large wp-image-2101\" alt=\"\" srcset=\"https:\/\/inzynier.rzeszow.pl\/wp-content\/uploads\/2025\/12\/2025-05-13_bieganie_1-1024x683.jpg 1024w, https:\/\/inzynier.rzeszow.pl\/wp-content\/uploads\/2025\/12\/2025-05-13_bieganie_1-300x200.jpg 300w, https:\/\/inzynier.rzeszow.pl\/wp-content\/uploads\/2025\/12\/2025-05-13_bieganie_1-768x512.jpg 768w, https:\/\/inzynier.rzeszow.pl\/wp-content\/uploads\/2025\/12\/2025-05-13_bieganie_1-1536x1024.jpg 1536w, https:\/\/inzynier.rzeszow.pl\/wp-content\/uploads\/2025\/12\/2025-05-13_bieganie_1.jpg 2048w\" sizes=\"(max-width: 1024px) 100vw, 1024px\" \/>\t\t\t\t\t\t\t\t\t\t\t\t\t\t\t<\/div>\n\t\t\t\t<\/div>\n\t\t<div class=\"elementor-element elementor-element-f1e0af7 e-con-full e-flex e-con e-child\" data-id=\"f1e0af7\" data-element_type=\"container\" data-e-type=\"container\">\n\t\t\t\t<div class=\"elementor-element elementor-element-8e1dadb elementor-widget elementor-widget-heading\" data-id=\"8e1dadb\" data-element_type=\"widget\" data-e-type=\"widget\" data-widget_type=\"heading.default\">\n\t\t\t\t\t<h2 class=\"elementor-heading-title elementor-size-default\">Kol. Damian \u015al\u0119czka na starcie - 12. Dycha G\u0142ogowska<\/h2>\t\t\t\t<\/div>\n\t\t\t\t<div class=\"elementor-element elementor-element-91994fd elementor-widget elementor-widget-text-editor\" data-id=\"91994fd\" data-element_type=\"widget\" data-e-type=\"widget\" data-widget_type=\"text-editor.default\">\n\t\t\t\t\t\t\t\t\t<p>Dzielimy si\u0119 fantastycznymi wie\u015bciami o naszym biegowym reprezentancie kol. Damianie \u015al\u0119czce, kt\u00f3ry uko\u0144czy\u0142 12. Dych\u0119 G\u0142ogowsk\u0105, kt\u00f3ra odby\u0142a si\u0119 10 maja 2025 roku. Jego \u015bwietny czas 0:36:39 da\u0142 mu 11. miejsce w kategorii Open spo\u015br\u00f3d 212 uczestnik\u00f3w. Szczeg\u00f3lnie cieszy 2. miejsce w kategorii wiekowej M40-49, gdzie rywalizowa\u0142o a\u017c 60 biegaczy! Gratulujemy i \u017cyczymy kolejnych udanych start\u00f3w, z tak\u0105 form\u0105 podium gwarantowane!<\/p>\n<p>fot.: organizatorzy\u00a0<\/p>\t\t\t\t\t\t\t\t<\/div>\n\t\t<div class=\"elementor-element elementor-element-87d3753 e-con-full e-flex e-con e-child\" data-id=\"87d3753\" data-element_type=\"container\" data-e-type=\"container\">\n\t\t\t\t<div class=\"elementor-element elementor-element-9aa50f1 elementor-widget__width-inherit elementor-icon-list--layout-traditional elementor-list-item-link-full_width elementor-widget elementor-widget-icon-list\" data-id=\"9aa50f1\" data-element_type=\"widget\" data-e-type=\"widget\" data-widget_type=\"icon-list.default\">\n\t\t\t\t\t\t\t<ul class=\"elementor-icon-list-items\">\n\t\t\t\t\t\t\t<li class=\"elementor-icon-list-item\">\n\t\t\t\t\t\t\t\t\t\t\t<a href=\"https:\/\/www.facebook.com\/PodkarpackaOIIB\/posts\/pfbid0qqq18Q2r3zQ9CaUymPt6VY4fUVsY145D6sWeDUwpxb56zvYbZhqEUskGvxbrk99ql\" target=\"_blank\">\n\n\t\t\t\t\t\t\t\t\t\t\t\t<span class=\"elementor-icon-list-icon\">\n\t\t\t\t\t\t\t<svg aria-hidden=\"true\" class=\"e-font-icon-svg e-fas-arrow-circle-right\" viewBox=\"0 0 512 512\" xmlns=\"http:\/\/www.w3.org\/2000\/svg\"><path d=\"M256 8c137 0 248 111 248 248S393 504 256 504 8 393 8 256 119 8 256 8zm-28.9 143.6l75.5 72.4H120c-13.3 0-24 10.7-24 24v16c0 13.3 10.7 24 24 24h182.6l-75.5 72.4c-9.7 9.3-9.9 24.8-.4 34.3l11 10.9c9.4 9.4 24.6 9.4 33.9 0L404.3 273c9.4-9.4 9.4-24.6 0-33.9L271.6 106.3c-9.4-9.4-24.6-9.4-33.9 0l-11 10.9c-9.5 9.6-9.3 25.1.4 34.4z\"><\/path><\/svg>\t\t\t\t\t\t<\/span>\n\t\t\t\t\t\t\t\t\t\t<span class=\"elementor-icon-list-text\">Galeria Fotograficzna<\/span>\n\t\t\t\t\t\t\t\t\t\t\t<\/a>\n\t\t\t\t\t\t\t\t\t<\/li>\n\t\t\t\t\t\t\t\t<li class=\"elementor-icon-list-item\">\n\t\t\t\t\t\t\t\t\t\t\t<a href=\"https:\/\/results.timekeeper.pl\/\" target=\"_blank\">\n\n\t\t\t\t\t\t\t\t\t\t\t\t<span class=\"elementor-icon-list-icon\">\n\t\t\t\t\t\t\t<svg aria-hidden=\"true\" class=\"e-font-icon-svg e-fas-arrow-circle-right\" viewBox=\"0 0 512 512\" xmlns=\"http:\/\/www.w3.org\/2000\/svg\"><path d=\"M256 8c137 0 248 111 248 248S393 504 256 504 8 393 8 256 119 8 256 8zm-28.9 143.6l75.5 72.4H120c-13.3 0-24 10.7-24 24v16c0 13.3 10.7 24 24 24h182.6l-75.5 72.4c-9.7 9.3-9.9 24.8-.4 34.3l11 10.9c9.4 9.4 24.6 9.4 33.9 0L404.3 273c9.4-9.4 9.4-24.6 0-33.9L271.6 106.3c-9.4-9.4-24.6-9.4-33.9 0l-11 10.9c-9.5 9.6-9.3 25.1.4 34.4z\"><\/path><\/svg>\t\t\t\t\t\t<\/span>\n\t\t\t\t\t\t\t\t\t\t<span class=\"elementor-icon-list-text\">Link do wynik\u00f3w<\/span>\n\t\t\t\t\t\t\t\t\t\t\t<\/a>\n\t\t\t\t\t\t\t\t\t<\/li>\n\t\t\t\t\t\t<\/ul>\n\t\t\t\t\t\t<\/div>\n\t\t\t\t<\/div>\n\t\t\t\t<\/div>\n\t\t\t\t<\/div>\n\t\t\t\t\t<\/div>\n\t\t\t\t<\/div>\n\t\t<div class=\"elementor-element elementor-element-d043bf7 e-flex e-con-boxed e-con e-parent\" data-id=\"d043bf7\" data-element_type=\"container\" data-e-type=\"container\">\n\t\t\t\t\t<div class=\"e-con-inner\">\n\t\t<div class=\"elementor-element elementor-element-45403ac e-con-full e-flex e-con e-child\" data-id=\"45403ac\" data-element_type=\"container\" data-e-type=\"container\">\n\t\t<div class=\"elementor-element elementor-element-664c5de e-con-full e-flex e-con e-child\" data-id=\"664c5de\" data-element_type=\"container\" data-e-type=\"container\">\n\t\t\t\t<div class=\"elementor-element elementor-element-5cd692f elementor-widget elementor-widget-image\" data-id=\"5cd692f\" data-element_type=\"widget\" data-e-type=\"widget\" data-widget_type=\"image.default\">\n\t\t\t\t\t\t\t\t\t\t\t\t\t\t\t<img loading=\"lazy\" decoding=\"async\" width=\"1024\" height=\"682\" src=\"https:\/\/inzynier.rzeszow.pl\/wp-content\/uploads\/2025\/12\/2025-04-09-maraton_sleczka.jpg\" class=\"attachment-large size-large wp-image-2105\" alt=\"\" srcset=\"https:\/\/inzynier.rzeszow.pl\/wp-content\/uploads\/2025\/12\/2025-04-09-maraton_sleczka.jpg 1024w, https:\/\/inzynier.rzeszow.pl\/wp-content\/uploads\/2025\/12\/2025-04-09-maraton_sleczka-300x200.jpg 300w, https:\/\/inzynier.rzeszow.pl\/wp-content\/uploads\/2025\/12\/2025-04-09-maraton_sleczka-768x512.jpg 768w\" sizes=\"(max-width: 1024px) 100vw, 1024px\" \/>\t\t\t\t\t\t\t\t\t\t\t\t\t\t\t<\/div>\n\t\t\t\t<\/div>\n\t\t<div class=\"elementor-element elementor-element-1ec7a64 e-con-full e-flex e-con e-child\" data-id=\"1ec7a64\" data-element_type=\"container\" data-e-type=\"container\">\n\t\t\t\t<div class=\"elementor-element elementor-element-da7d5f3 elementor-widget elementor-widget-heading\" data-id=\"da7d5f3\" data-element_type=\"widget\" data-e-type=\"widget\" data-widget_type=\"heading.default\">\n\t\t\t\t\t<h2 class=\"elementor-heading-title elementor-size-default\">Tauron 22. Cracovia Maraton - kolejne 42,195 km w nogach!<\/h2>\t\t\t\t<\/div>\n\t\t\t\t<div class=\"elementor-element elementor-element-89eb0a9 elementor-widget elementor-widget-text-editor\" data-id=\"89eb0a9\" data-element_type=\"widget\" data-e-type=\"widget\" data-widget_type=\"text-editor.default\">\n\t\t\t\t\t\t\t\t\t<p>W dniu 6 kwietnia 2025 r.\u00a0 ruszy\u0142 Cracovia Maraton i na starcie nie mog\u0142o zabrakn\u0105\u0107 kol. Damiana \u015al\u0119czki! Czas uko\u0144czenia: 2:51:42, Miejsce Open: 85\/6296, Miejsce w kategorii M40-49: 22\/2142. Cho\u0107 wynik nie do ko\u0144ca naszego reprezentanta w biegach satysfakcjonuje, to jest solidn\u0105 podstaw\u0105 do dalszej pracy &#8211; jesieni\u0105 czas na bicie \u017cyci\u00f3wek! Maraton to zawsze ogromne wyzwanie, ale pasja i determinacja prowadz\u0105 do kolejnych sukces\u00f3w! Do zobaczenia na kolejnych startach!<\/p>\n<p>fot.: organizatorzy<\/p>\t\t\t\t\t\t\t\t<\/div>\n\t\t<div class=\"elementor-element elementor-element-3cb6d6d e-con-full e-flex e-con e-child\" data-id=\"3cb6d6d\" data-element_type=\"container\" data-e-type=\"container\">\n\t\t\t\t<div class=\"elementor-element elementor-element-819f1e6 elementor-widget__width-inherit elementor-icon-list--layout-traditional elementor-list-item-link-full_width elementor-widget elementor-widget-icon-list\" data-id=\"819f1e6\" data-element_type=\"widget\" data-e-type=\"widget\" data-widget_type=\"icon-list.default\">\n\t\t\t\t\t\t\t<ul class=\"elementor-icon-list-items\">\n\t\t\t\t\t\t\t<li class=\"elementor-icon-list-item\">\n\t\t\t\t\t\t\t\t\t\t\t<a href=\"https:\/\/www.facebook.com\/PodkarpackaOIIB\/posts\/pfbid029HdS3d6euToQcg8jrVXG6xKmr1b2nREZcMahbcd1BZbjLRvhoPKutHt2w5X7Now5l\" target=\"_blank\">\n\n\t\t\t\t\t\t\t\t\t\t\t\t<span class=\"elementor-icon-list-icon\">\n\t\t\t\t\t\t\t<svg aria-hidden=\"true\" class=\"e-font-icon-svg e-fas-arrow-circle-right\" viewBox=\"0 0 512 512\" xmlns=\"http:\/\/www.w3.org\/2000\/svg\"><path d=\"M256 8c137 0 248 111 248 248S393 504 256 504 8 393 8 256 119 8 256 8zm-28.9 143.6l75.5 72.4H120c-13.3 0-24 10.7-24 24v16c0 13.3 10.7 24 24 24h182.6l-75.5 72.4c-9.7 9.3-9.9 24.8-.4 34.3l11 10.9c9.4 9.4 24.6 9.4 33.9 0L404.3 273c9.4-9.4 9.4-24.6 0-33.9L271.6 106.3c-9.4-9.4-24.6-9.4-33.9 0l-11 10.9c-9.5 9.6-9.3 25.1.4 34.4z\"><\/path><\/svg>\t\t\t\t\t\t<\/span>\n\t\t\t\t\t\t\t\t\t\t<span class=\"elementor-icon-list-text\">Galeria Fotograficzna<\/span>\n\t\t\t\t\t\t\t\t\t\t\t<\/a>\n\t\t\t\t\t\t\t\t\t<\/li>\n\t\t\t\t\t\t\t\t<li class=\"elementor-icon-list-item\">\n\t\t\t\t\t\t\t\t\t\t\t<a href=\"https:\/\/wyniki.datasport.pl\/results5361\/indexnew.php\" target=\"_blank\">\n\n\t\t\t\t\t\t\t\t\t\t\t\t<span class=\"elementor-icon-list-icon\">\n\t\t\t\t\t\t\t<svg aria-hidden=\"true\" class=\"e-font-icon-svg e-fas-arrow-circle-right\" viewBox=\"0 0 512 512\" xmlns=\"http:\/\/www.w3.org\/2000\/svg\"><path d=\"M256 8c137 0 248 111 248 248S393 504 256 504 8 393 8 256 119 8 256 8zm-28.9 143.6l75.5 72.4H120c-13.3 0-24 10.7-24 24v16c0 13.3 10.7 24 24 24h182.6l-75.5 72.4c-9.7 9.3-9.9 24.8-.4 34.3l11 10.9c9.4 9.4 24.6 9.4 33.9 0L404.3 273c9.4-9.4 9.4-24.6 0-33.9L271.6 106.3c-9.4-9.4-24.6-9.4-33.9 0l-11 10.9c-9.5 9.6-9.3 25.1.4 34.4z\"><\/path><\/svg>\t\t\t\t\t\t<\/span>\n\t\t\t\t\t\t\t\t\t\t<span class=\"elementor-icon-list-text\">Link do wynik\u00f3w-<\/span>\n\t\t\t\t\t\t\t\t\t\t\t<\/a>\n\t\t\t\t\t\t\t\t\t<\/li>\n\t\t\t\t\t\t<\/ul>\n\t\t\t\t\t\t<\/div>\n\t\t\t\t<\/div>\n\t\t\t\t<\/div>\n\t\t\t\t<\/div>\n\t\t\t\t\t<\/div>\n\t\t\t\t<\/div>\n\t\t<div class=\"elementor-element elementor-element-f34ffcc e-flex e-con-boxed e-con e-parent\" data-id=\"f34ffcc\" data-element_type=\"container\" data-e-type=\"container\">\n\t\t\t\t\t<div class=\"e-con-inner\">\n\t\t<div class=\"elementor-element elementor-element-a2ba961 e-con-full e-flex e-con e-child\" data-id=\"a2ba961\" data-element_type=\"container\" data-e-type=\"container\">\n\t\t<div class=\"elementor-element elementor-element-8ed983b e-con-full e-flex e-con e-child\" data-id=\"8ed983b\" data-element_type=\"container\" data-e-type=\"container\">\n\t\t\t\t<div class=\"elementor-element elementor-element-feb9e9a elementor-widget elementor-widget-image\" data-id=\"feb9e9a\" data-element_type=\"widget\" data-e-type=\"widget\" data-widget_type=\"image.default\">\n\t\t\t\t\t\t\t\t\t\t\t\t\t\t\t<img loading=\"lazy\" decoding=\"async\" width=\"1024\" height=\"682\" src=\"https:\/\/inzynier.rzeszow.pl\/wp-content\/uploads\/2025\/12\/2025-04-07-polmaraton3_sleczka-1024x682.jpg\" class=\"attachment-large size-large wp-image-2106\" alt=\"\" srcset=\"https:\/\/inzynier.rzeszow.pl\/wp-content\/uploads\/2025\/12\/2025-04-07-polmaraton3_sleczka-1024x682.jpg 1024w, https:\/\/inzynier.rzeszow.pl\/wp-content\/uploads\/2025\/12\/2025-04-07-polmaraton3_sleczka-300x200.jpg 300w, https:\/\/inzynier.rzeszow.pl\/wp-content\/uploads\/2025\/12\/2025-04-07-polmaraton3_sleczka-768x512.jpg 768w, https:\/\/inzynier.rzeszow.pl\/wp-content\/uploads\/2025\/12\/2025-04-07-polmaraton3_sleczka.jpg 1184w\" sizes=\"(max-width: 1024px) 100vw, 1024px\" \/>\t\t\t\t\t\t\t\t\t\t\t\t\t\t\t<\/div>\n\t\t\t\t<\/div>\n\t\t<div class=\"elementor-element elementor-element-bb21c19 e-con-full e-flex e-con e-child\" data-id=\"bb21c19\" data-element_type=\"container\" data-e-type=\"container\">\n\t\t\t\t<div class=\"elementor-element elementor-element-c283ff0 elementor-widget elementor-widget-heading\" data-id=\"c283ff0\" data-element_type=\"widget\" data-e-type=\"widget\" data-widget_type=\"heading.default\">\n\t\t\t\t\t<h2 class=\"elementor-heading-title elementor-size-default\">21. Krakowski P\u00f3\u0142maraton Marzanny \u2013 sportowa pasja w najlepszym wydaniu!<\/h2>\t\t\t\t<\/div>\n\t\t\t\t<div class=\"elementor-element elementor-element-ca3ee46 elementor-widget elementor-widget-text-editor\" data-id=\"ca3ee46\" data-element_type=\"widget\" data-e-type=\"widget\" data-widget_type=\"text-editor.default\">\n\t\t\t\t\t\t\t\t\t<p>22 marca 2025 r. punktualnie o 11:00 ruszy\u0142 kolejny Krakowski P\u00f3\u0142maraton Marzanny, a w\u015br\u00f3d tysi\u0119cy biegaczy nie mog\u0142o zabrakn\u0105\u0107 naszego reprezentanta &#8211; kol. Damiana \u015al\u0119czki! Czas uko\u0144czenia: 1:21:37, Miejsce Open: 44\/2824, Miejsce w kategorii M40-49: 12\/747. Wspania\u0142a atmosfera, sportowa rywalizacja i niezapomniane emocje &#8211; tak mo\u017cna podsumowa\u0107 ten wyj\u0105tkowy bieg! Wielkie gratulacje dla wszystkich uczestnik\u00f3w, a szczeg\u00f3lne brawa dla naszego reprezentanta, kt\u00f3ry po raz kolejny udowodni\u0142, \u017ce pasja i determinacja prowadz\u0105 do \u015bwietnych wynik\u00f3w.<\/p>\n<p>fot.: organizatorzy<\/p>\t\t\t\t\t\t\t\t<\/div>\n\t\t<div class=\"elementor-element elementor-element-93768d1 e-con-full e-flex e-con e-child\" data-id=\"93768d1\" data-element_type=\"container\" data-e-type=\"container\">\n\t\t\t\t<div class=\"elementor-element elementor-element-2330e6f elementor-widget__width-inherit elementor-icon-list--layout-traditional elementor-list-item-link-full_width elementor-widget elementor-widget-icon-list\" data-id=\"2330e6f\" data-element_type=\"widget\" data-e-type=\"widget\" data-widget_type=\"icon-list.default\">\n\t\t\t\t\t\t\t<ul class=\"elementor-icon-list-items\">\n\t\t\t\t\t\t\t<li class=\"elementor-icon-list-item\">\n\t\t\t\t\t\t\t\t\t\t\t<a href=\"https:\/\/www.facebook.com\/PodkarpackaOIIB\/posts\/pfbid02zwpst7Sh7jbupWRMw9cH4JW2uFpnRRaTm8fATKw57wtrhmg5imFWrjq7WjfEZ1N3l\" target=\"_blank\">\n\n\t\t\t\t\t\t\t\t\t\t\t\t<span class=\"elementor-icon-list-icon\">\n\t\t\t\t\t\t\t<svg aria-hidden=\"true\" class=\"e-font-icon-svg e-fas-arrow-circle-right\" viewBox=\"0 0 512 512\" xmlns=\"http:\/\/www.w3.org\/2000\/svg\"><path d=\"M256 8c137 0 248 111 248 248S393 504 256 504 8 393 8 256 119 8 256 8zm-28.9 143.6l75.5 72.4H120c-13.3 0-24 10.7-24 24v16c0 13.3 10.7 24 24 24h182.6l-75.5 72.4c-9.7 9.3-9.9 24.8-.4 34.3l11 10.9c9.4 9.4 24.6 9.4 33.9 0L404.3 273c9.4-9.4 9.4-24.6 0-33.9L271.6 106.3c-9.4-9.4-24.6-9.4-33.9 0l-11 10.9c-9.5 9.6-9.3 25.1.4 34.4z\"><\/path><\/svg>\t\t\t\t\t\t<\/span>\n\t\t\t\t\t\t\t\t\t\t<span class=\"elementor-icon-list-text\">Galeria Fotograficzna<\/span>\n\t\t\t\t\t\t\t\t\t\t\t<\/a>\n\t\t\t\t\t\t\t\t\t<\/li>\n\t\t\t\t\t\t\t\t<li class=\"elementor-icon-list-item\">\n\t\t\t\t\t\t\t\t\t\t\t<a href=\"https:\/\/live.sts-timing.pl\/pm2025\/index.php?dystans=1\" target=\"_blank\">\n\n\t\t\t\t\t\t\t\t\t\t\t\t<span class=\"elementor-icon-list-icon\">\n\t\t\t\t\t\t\t<svg aria-hidden=\"true\" class=\"e-font-icon-svg e-fas-arrow-circle-right\" viewBox=\"0 0 512 512\" xmlns=\"http:\/\/www.w3.org\/2000\/svg\"><path d=\"M256 8c137 0 248 111 248 248S393 504 256 504 8 393 8 256 119 8 256 8zm-28.9 143.6l75.5 72.4H120c-13.3 0-24 10.7-24 24v16c0 13.3 10.7 24 24 24h182.6l-75.5 72.4c-9.7 9.3-9.9 24.8-.4 34.3l11 10.9c9.4 9.4 24.6 9.4 33.9 0L404.3 273c9.4-9.4 9.4-24.6 0-33.9L271.6 106.3c-9.4-9.4-24.6-9.4-33.9 0l-11 10.9c-9.5 9.6-9.3 25.1.4 34.4z\"><\/path><\/svg>\t\t\t\t\t\t<\/span>\n\t\t\t\t\t\t\t\t\t\t<span class=\"elementor-icon-list-text\">Link do wynik\u00f3w<\/span>\n\t\t\t\t\t\t\t\t\t\t\t<\/a>\n\t\t\t\t\t\t\t\t\t<\/li>\n\t\t\t\t\t\t<\/ul>\n\t\t\t\t\t\t<\/div>\n\t\t\t\t<\/div>\n\t\t\t\t<\/div>\n\t\t\t\t<\/div>\n\t\t\t\t\t<\/div>\n\t\t\t\t<\/div>\n\t\t<div class=\"elementor-element elementor-element-090e98b e-flex e-con-boxed e-con e-parent\" data-id=\"090e98b\" data-element_type=\"container\" data-e-type=\"container\">\n\t\t\t\t\t<div class=\"e-con-inner\">\n\t\t<div class=\"elementor-element elementor-element-74a1d62 e-con-full e-flex e-con e-child\" data-id=\"74a1d62\" data-element_type=\"container\" data-e-type=\"container\">\n\t\t<div class=\"elementor-element elementor-element-b8e4158 e-con-full e-flex e-con e-child\" data-id=\"b8e4158\" data-element_type=\"container\" data-e-type=\"container\">\n\t\t\t\t<div class=\"elementor-element elementor-element-4f338b0 elementor-widget elementor-widget-image\" data-id=\"4f338b0\" data-element_type=\"widget\" data-e-type=\"widget\" data-widget_type=\"image.default\">\n\t\t\t\t\t\t\t\t\t\t\t\t\t\t\t<img loading=\"lazy\" decoding=\"async\" width=\"768\" height=\"1024\" src=\"https:\/\/inzynier.rzeszow.pl\/wp-content\/uploads\/2025\/12\/2025-01-14_stasiowski-768x1024.jpeg\" class=\"attachment-large size-large wp-image-2108\" alt=\"\" srcset=\"https:\/\/inzynier.rzeszow.pl\/wp-content\/uploads\/2025\/12\/2025-01-14_stasiowski-768x1024.jpeg 768w, https:\/\/inzynier.rzeszow.pl\/wp-content\/uploads\/2025\/12\/2025-01-14_stasiowski-225x300.jpeg 225w, https:\/\/inzynier.rzeszow.pl\/wp-content\/uploads\/2025\/12\/2025-01-14_stasiowski-1152x1536.jpeg 1152w, https:\/\/inzynier.rzeszow.pl\/wp-content\/uploads\/2025\/12\/2025-01-14_stasiowski.jpeg 1500w\" sizes=\"(max-width: 768px) 100vw, 768px\" \/>\t\t\t\t\t\t\t\t\t\t\t\t\t\t\t<\/div>\n\t\t\t\t<\/div>\n\t\t<div class=\"elementor-element elementor-element-c968c27 e-con-full e-flex e-con e-child\" data-id=\"c968c27\" data-element_type=\"container\" data-e-type=\"container\">\n\t\t\t\t<div class=\"elementor-element elementor-element-cce7c29 elementor-widget elementor-widget-heading\" data-id=\"cce7c29\" data-element_type=\"widget\" data-e-type=\"widget\" data-widget_type=\"heading.default\">\n\t\t\t\t\t<h2 class=\"elementor-heading-title elementor-size-default\">Kol. Piotr Stasiowski - br\u0105zowy medal podczas 34. Halowych Mistrzostw Polski w Lekkiej Atletyce Masters<\/h2>\t\t\t\t<\/div>\n\t\t\t\t<div class=\"elementor-element elementor-element-4964129 elementor-widget elementor-widget-text-editor\" data-id=\"4964129\" data-element_type=\"widget\" data-e-type=\"widget\" data-widget_type=\"text-editor.default\">\n\t\t\t\t\t\t\t\t\t<p>Nasz reprezentant w biegach kol. Piotr Stasiowski wystartowa\u0142 w biegu na 800 m podczas 34. Halowych Mistrzostw Polski w Lekkiej Atletyce Masters, kt\u00f3re odby\u0142y si\u0119 8 lutego 2025 r. w Toruniu. W zawodach wzi\u0119\u0142o udzia\u0142 492 uczestnik\u00f3w, kt\u00f3rzy rywalizowali w 13 konkurencjach.<br \/>Kol. Piotr Stasiowski stan\u0105\u0142 na podium z br\u0105zowym medalem, kt\u00f3ry otrzyma\u0142 za bieg z czasem 2:13 min.<\/p>\n<p>fot.: prywatne<\/p>\t\t\t\t\t\t\t\t<\/div>\n\t\t<div class=\"elementor-element elementor-element-1e54bf3 e-con-full e-flex e-con e-child\" data-id=\"1e54bf3\" data-element_type=\"container\" data-e-type=\"container\">\n\t\t\t\t<div class=\"elementor-element elementor-element-3fa8a0d elementor-widget__width-inherit elementor-icon-list--layout-traditional elementor-list-item-link-full_width elementor-widget elementor-widget-icon-list\" data-id=\"3fa8a0d\" data-element_type=\"widget\" data-e-type=\"widget\" data-widget_type=\"icon-list.default\">\n\t\t\t\t\t\t\t<ul class=\"elementor-icon-list-items\">\n\t\t\t\t\t\t\t<li class=\"elementor-icon-list-item\">\n\t\t\t\t\t\t\t\t\t\t\t<a href=\"https:\/\/www.facebook.com\/PodkarpackaOIIB\/posts\/pfbid0ngJ1Mj7DHnrwnFZf84FWcb3dECSjDyuiFuk7faBJ6T4FRt3y54iBuw49g4bNnoQ8l\" target=\"_blank\">\n\n\t\t\t\t\t\t\t\t\t\t\t\t<span class=\"elementor-icon-list-icon\">\n\t\t\t\t\t\t\t<svg aria-hidden=\"true\" class=\"e-font-icon-svg e-fas-arrow-circle-right\" viewBox=\"0 0 512 512\" xmlns=\"http:\/\/www.w3.org\/2000\/svg\"><path d=\"M256 8c137 0 248 111 248 248S393 504 256 504 8 393 8 256 119 8 256 8zm-28.9 143.6l75.5 72.4H120c-13.3 0-24 10.7-24 24v16c0 13.3 10.7 24 24 24h182.6l-75.5 72.4c-9.7 9.3-9.9 24.8-.4 34.3l11 10.9c9.4 9.4 24.6 9.4 33.9 0L404.3 273c9.4-9.4 9.4-24.6 0-33.9L271.6 106.3c-9.4-9.4-24.6-9.4-33.9 0l-11 10.9c-9.5 9.6-9.3 25.1.4 34.4z\"><\/path><\/svg>\t\t\t\t\t\t<\/span>\n\t\t\t\t\t\t\t\t\t\t<span class=\"elementor-icon-list-text\">Galeria Fotograficzna<\/span>\n\t\t\t\t\t\t\t\t\t\t\t<\/a>\n\t\t\t\t\t\t\t\t\t<\/li>\n\t\t\t\t\t\t<\/ul>\n\t\t\t\t\t\t<\/div>\n\t\t\t\t<\/div>\n\t\t\t\t<\/div>\n\t\t\t\t<\/div>\n\t\t\t\t\t<\/div>\n\t\t\t\t<\/div>\n\t\t<div class=\"elementor-element elementor-element-0d85276 e-flex e-con-boxed e-con e-parent\" data-id=\"0d85276\" data-element_type=\"container\" data-e-type=\"container\">\n\t\t\t\t\t<div class=\"e-con-inner\">\n\t\t<div class=\"elementor-element elementor-element-5dff5ae e-con-full e-flex e-con e-child\" data-id=\"5dff5ae\" data-element_type=\"container\" data-e-type=\"container\">\n\t\t<div class=\"elementor-element elementor-element-df0af51 e-con-full e-flex e-con e-child\" data-id=\"df0af51\" data-element_type=\"container\" data-e-type=\"container\">\n\t\t\t\t<div class=\"elementor-element elementor-element-232a1b4 elementor-widget elementor-widget-image\" data-id=\"232a1b4\" data-element_type=\"widget\" data-e-type=\"widget\" data-widget_type=\"image.default\">\n\t\t\t\t\t\t\t\t\t\t\t\t\t\t\t<img loading=\"lazy\" decoding=\"async\" width=\"1024\" height=\"683\" src=\"https:\/\/inzynier.rzeszow.pl\/wp-content\/uploads\/2025\/12\/2025-02-04-bieg_sleczka-1024x683.jpg\" class=\"attachment-large size-large wp-image-2107\" alt=\"\" srcset=\"https:\/\/inzynier.rzeszow.pl\/wp-content\/uploads\/2025\/12\/2025-02-04-bieg_sleczka-1024x683.jpg 1024w, https:\/\/inzynier.rzeszow.pl\/wp-content\/uploads\/2025\/12\/2025-02-04-bieg_sleczka-300x200.jpg 300w, https:\/\/inzynier.rzeszow.pl\/wp-content\/uploads\/2025\/12\/2025-02-04-bieg_sleczka-768x512.jpg 768w, https:\/\/inzynier.rzeszow.pl\/wp-content\/uploads\/2025\/12\/2025-02-04-bieg_sleczka.jpg 1296w\" sizes=\"(max-width: 1024px) 100vw, 1024px\" \/>\t\t\t\t\t\t\t\t\t\t\t\t\t\t\t<\/div>\n\t\t\t\t<\/div>\n\t\t<div class=\"elementor-element elementor-element-754b171 e-con-full e-flex e-con e-child\" data-id=\"754b171\" data-element_type=\"container\" data-e-type=\"container\">\n\t\t\t\t<div class=\"elementor-element elementor-element-5b94681 elementor-widget elementor-widget-heading\" data-id=\"5b94681\" data-element_type=\"widget\" data-e-type=\"widget\" data-widget_type=\"heading.default\">\n\t\t\t\t\t<h2 class=\"elementor-heading-title elementor-size-default\">Kol. Damian \u015al\u0119czka z sukcesami na trasach biegowych<\/h2>\t\t\t\t<\/div>\n\t\t\t\t<div class=\"elementor-element elementor-element-82e5f15 elementor-widget elementor-widget-text-editor\" data-id=\"82e5f15\" data-element_type=\"widget\" data-e-type=\"widget\" data-widget_type=\"text-editor.default\">\n\t\t\t\t\t\t\t\t\t<p>Z przyjemno\u015bci\u0105 informujemy, \u017ce kol. Damian \u015al\u0119czka, reprezentuj\u0105cy nasz\u0105 Podkarpack\u0105 OIIB, w dniu 2 lutego 2025 r. wzi\u0105\u0142 udzia\u0142 w IV Biegu G\u00f3rnolotnych w Tarnowie, rywalizuj\u0105c na wymagaj\u0105cym dystansie 12 km. Bieg uko\u0144czy\u0142 z czasem netto 43:39, utrzymuj\u0105c znakomite tempo 3:42 min\/km. Dzi\u0119ki swojej doskona\u0142ej formie zaj\u0105\u0142 10. miejsce spo\u015br\u00f3d 270 uczestnik\u00f3w w klasyfikacji Open oraz stan\u0105\u0142 na podium, zdobywaj\u0105c 3. miejsce w kategorii wiekowej M40-49 na 67 startuj\u0105cych. Gratulujemy \u015bwietnego wyniku i \u017cyczymy dalszych sukces\u00f3w na sportowej \u015bcie\u017cce!<\/p>\n<p>fot: prywatne,\u00a0<a href=\"https:\/\/www.facebook.com\/share\/1BPgvP7WgA\/\" target=\"_blank\" rel=\"noopener\">K\u0119pa Sport<\/a>\u00a0,\u00a0<a href=\"https:\/\/www.facebook.com\/share\/17SZUUavy5\/\" target=\"_blank\" rel=\"noopener\">Niezale\u017cny Serwis Informacyjny KADR<\/a><\/p>\t\t\t\t\t\t\t\t<\/div>\n\t\t<div class=\"elementor-element elementor-element-7d326b4 e-con-full e-flex e-con e-child\" data-id=\"7d326b4\" data-element_type=\"container\" data-e-type=\"container\">\n\t\t\t\t<div class=\"elementor-element elementor-element-ed54162 elementor-widget__width-inherit elementor-icon-list--layout-traditional elementor-list-item-link-full_width elementor-widget elementor-widget-icon-list\" data-id=\"ed54162\" data-element_type=\"widget\" data-e-type=\"widget\" data-widget_type=\"icon-list.default\">\n\t\t\t\t\t\t\t<ul class=\"elementor-icon-list-items\">\n\t\t\t\t\t\t\t<li class=\"elementor-icon-list-item\">\n\t\t\t\t\t\t\t\t\t\t\t<a href=\"https:\/\/www.facebook.com\/PodkarpackaOIIB\/posts\/pfbid0updb4bFqcUM9NhAveFCkPSCDCcJfbm8meAnKQSEB5ZeBcxZS8YTcCG7yhvqkVw5Fl\" target=\"_blank\">\n\n\t\t\t\t\t\t\t\t\t\t\t\t<span class=\"elementor-icon-list-icon\">\n\t\t\t\t\t\t\t<svg aria-hidden=\"true\" class=\"e-font-icon-svg e-fas-arrow-circle-right\" viewBox=\"0 0 512 512\" xmlns=\"http:\/\/www.w3.org\/2000\/svg\"><path d=\"M256 8c137 0 248 111 248 248S393 504 256 504 8 393 8 256 119 8 256 8zm-28.9 143.6l75.5 72.4H120c-13.3 0-24 10.7-24 24v16c0 13.3 10.7 24 24 24h182.6l-75.5 72.4c-9.7 9.3-9.9 24.8-.4 34.3l11 10.9c9.4 9.4 24.6 9.4 33.9 0L404.3 273c9.4-9.4 9.4-24.6 0-33.9L271.6 106.3c-9.4-9.4-24.6-9.4-33.9 0l-11 10.9c-9.5 9.6-9.3 25.1.4 34.4z\"><\/path><\/svg>\t\t\t\t\t\t<\/span>\n\t\t\t\t\t\t\t\t\t\t<span class=\"elementor-icon-list-text\">Galeria Fotograficzna<\/span>\n\t\t\t\t\t\t\t\t\t\t\t<\/a>\n\t\t\t\t\t\t\t\t\t<\/li>\n\t\t\t\t\t\t\t\t<li class=\"elementor-icon-list-item\">\n\t\t\t\t\t\t\t\t\t\t\t<a href=\"https:\/\/kepasport.pl\/wyniki\/\" target=\"_blank\">\n\n\t\t\t\t\t\t\t\t\t\t\t\t<span class=\"elementor-icon-list-icon\">\n\t\t\t\t\t\t\t<svg aria-hidden=\"true\" class=\"e-font-icon-svg e-fas-arrow-circle-right\" viewBox=\"0 0 512 512\" xmlns=\"http:\/\/www.w3.org\/2000\/svg\"><path d=\"M256 8c137 0 248 111 248 248S393 504 256 504 8 393 8 256 119 8 256 8zm-28.9 143.6l75.5 72.4H120c-13.3 0-24 10.7-24 24v16c0 13.3 10.7 24 24 24h182.6l-75.5 72.4c-9.7 9.3-9.9 24.8-.4 34.3l11 10.9c9.4 9.4 24.6 9.4 33.9 0L404.3 273c9.4-9.4 9.4-24.6 0-33.9L271.6 106.3c-9.4-9.4-24.6-9.4-33.9 0l-11 10.9c-9.5 9.6-9.3 25.1.4 34.4z\"><\/path><\/svg>\t\t\t\t\t\t<\/span>\n\t\t\t\t\t\t\t\t\t\t<span class=\"elementor-icon-list-text\">Link do wynik\u00f3w<\/span>\n\t\t\t\t\t\t\t\t\t\t\t<\/a>\n\t\t\t\t\t\t\t\t\t<\/li>\n\t\t\t\t\t\t<\/ul>\n\t\t\t\t\t\t<\/div>\n\t\t\t\t<\/div>\n\t\t\t\t<\/div>\n\t\t\t\t<\/div>\n\t\t\t\t\t<\/div>\n\t\t\t\t<\/div>\n\t\t\t\t<\/div>\n\t\t","protected":false},"excerpt":{"rendered":"<p>Reprezentacja biegaczy Podkarpackiej Okr\u0119gowej Izby In\u017cynier\u00f3w Budownictwa aktywnie uczestniczy\u0142a w biegowych imprezach sportowych w 2025 r., promuj\u0105c zdrowy styl \u017cycia i integracj\u0119 \u015brodowiska in\u017cynierskiego. Relacja przedstawia najwa\u017cniejsze starty, wyniki uczestnik\u00f3w oraz wsp\u00f3lne sportowe momenty, kt\u00f3re \u0142\u0105czy\u0142y pasjonat\u00f3w biegania z ca\u0142ego regionu.<\/p>\n","protected":false},"author":2,"featured_media":2086,"comment_status":"closed","ping_status":"closed","sticky":false,"template":"","format":"standard","meta":{"site-sidebar-layout":"default","site-content-layout":"","ast-site-content-layout":"default","site-content-style":"default","site-sidebar-style":"default","ast-global-header-display":"","ast-banner-title-visibility":"","ast-main-header-display":"","ast-hfb-above-header-display":"","ast-hfb-below-header-display":"","ast-hfb-mobile-header-display":"","site-post-title":"","ast-breadcrumbs-content":"","ast-featured-img":"","footer-sml-layout":"","ast-disable-related-posts":"","theme-transparent-header-meta":"","adv-header-id-meta":"","stick-header-meta":"","header-above-stick-meta":"","header-main-stick-meta":"","header-below-stick-meta":"","astra-migrate-meta-layouts":"default","ast-page-background-enabled":"default","ast-page-background-meta":{"desktop":{"background-color":"var(--ast-global-color-5)","background-image":"","background-repeat":"repeat","background-position":"center center","background-size":"auto","background-attachment":"scroll","background-type":"","background-media":"","overlay-type":"","overlay-color":"","overlay-opacity":"","overlay-gradient":""},"tablet":{"background-color":"","background-image":"","background-repeat":"repeat","background-position":"center center","background-size":"auto","background-attachment":"scroll","background-type":"","background-media":"","overlay-type":"","overlay-color":"","overlay-opacity":"","overlay-gradient":""},"mobile":{"background-color":"","background-image":"","background-repeat":"repeat","background-position":"center center","background-size":"auto","background-attachment":"scroll","background-type":"","background-media":"","overlay-type":"","overlay-color":"","overlay-opacity":"","overlay-gradient":""}},"ast-content-background-meta":{"desktop":{"background-color":"var(--ast-global-color-4)","background-image":"","background-repeat":"repeat","background-position":"center center","background-size":"auto","background-attachment":"scroll","background-type":"","background-media":"","overlay-type":"","overlay-color":"","overlay-opacity":"","overlay-gradient":""},"tablet":{"background-color":"var(--ast-global-color-4)","background-image":"","background-repeat":"repeat","background-position":"center center","background-size":"auto","background-attachment":"scroll","background-type":"","background-media":"","overlay-type":"","overlay-color":"","overlay-opacity":"","overlay-gradient":""},"mobile":{"background-color":"var(--ast-global-color-4)","background-image":"","background-repeat":"repeat","background-position":"center center","background-size":"auto","background-attachment":"scroll","background-type":"","background-media":"","overlay-type":"","overlay-color":"","overlay-opacity":"","overlay-gradient":""}},"footnotes":""},"categories":[49,16],"tags":[],"class_list":["post-2083","post","type-post","status-publish","format-standard","has-post-thumbnail","hentry","category-imprezy-biegowe","category-z-zycia-izby"],"yoast_head":"<!-- This site is optimized with the Yoast SEO plugin v27.5 - https:\/\/yoast.com\/product\/yoast-seo-wordpress\/ -->\n<title>Reprezentacja biegaczy PDK OIIB - udzia\u0142 w biegowych imprezach sportowych - 2025 r. - Podkarpacka Okregowa Izba Inzynierow Budownictwa<\/title>\n<meta name=\"robots\" content=\"index, follow, max-snippet:-1, max-image-preview:large, max-video-preview:-1\" \/>\n<link rel=\"canonical\" href=\"https:\/\/inzynier.rzeszow.pl\/index.php\/2025\/12\/09\/reprezentacja-biegaczy-pdk-oiib-udzial-w-biegowych-imprezach-sportowych-2025-r\/\" \/>\n<meta property=\"og:locale\" content=\"pl_PL\" \/>\n<meta property=\"og:type\" content=\"article\" \/>\n<meta property=\"og:title\" content=\"Reprezentacja biegaczy PDK OIIB - udzia\u0142 w biegowych imprezach sportowych - 2025 r. - Podkarpacka Okregowa Izba Inzynierow Budownictwa\" \/>\n<meta property=\"og:description\" content=\"Reprezentacja biegaczy Podkarpackiej Okr\u0119gowej Izby In\u017cynier\u00f3w Budownictwa aktywnie uczestniczy\u0142a w biegowych imprezach sportowych w 2025 r., promuj\u0105c zdrowy styl \u017cycia i integracj\u0119 \u015brodowiska in\u017cynierskiego. Relacja przedstawia najwa\u017cniejsze starty, wyniki uczestnik\u00f3w oraz wsp\u00f3lne sportowe momenty, kt\u00f3re \u0142\u0105czy\u0142y pasjonat\u00f3w biegania z ca\u0142ego regionu.\" \/>\n<meta property=\"og:url\" content=\"https:\/\/inzynier.rzeszow.pl\/index.php\/2025\/12\/09\/reprezentacja-biegaczy-pdk-oiib-udzial-w-biegowych-imprezach-sportowych-2025-r\/\" \/>\n<meta property=\"og:site_name\" content=\"Podkarpacka Okregowa Izba Inzynierow Budownictwa\" \/>\n<meta property=\"article:published_time\" content=\"2025-12-09T10:52:00+00:00\" \/>\n<meta property=\"article:modified_time\" content=\"2026-03-25T08:31:31+00:00\" \/>\n<meta property=\"og:image\" content=\"https:\/\/inzynier.rzeszow.pl\/wp-content\/uploads\/2025\/12\/2025-11-11-Sobek_1.jpg\" \/>\n\t<meta property=\"og:image:width\" content=\"2000\" \/>\n\t<meta property=\"og:image:height\" content=\"1333\" \/>\n\t<meta property=\"og:image:type\" content=\"image\/jpeg\" \/>\n<meta name=\"author\" content=\"Szymon Szl\u0119k\" \/>\n<meta name=\"twitter:card\" content=\"summary_large_image\" \/>\n<meta name=\"twitter:label1\" content=\"Napisane przez\" \/>\n\t<meta name=\"twitter:data1\" content=\"Szymon Szl\u0119k\" \/>\n\t<meta name=\"twitter:label2\" content=\"Szacowany czas czytania\" \/>\n\t<meta name=\"twitter:data2\" content=\"12 minut\" \/>\n<script type=\"application\/ld+json\" class=\"yoast-schema-graph\">{\"@context\":\"https:\\\/\\\/schema.org\",\"@graph\":[{\"@type\":\"Article\",\"@id\":\"https:\\\/\\\/inzynier.rzeszow.pl\\\/index.php\\\/2025\\\/12\\\/09\\\/reprezentacja-biegaczy-pdk-oiib-udzial-w-biegowych-imprezach-sportowych-2025-r\\\/#article\",\"isPartOf\":{\"@id\":\"https:\\\/\\\/inzynier.rzeszow.pl\\\/index.php\\\/2025\\\/12\\\/09\\\/reprezentacja-biegaczy-pdk-oiib-udzial-w-biegowych-imprezach-sportowych-2025-r\\\/\"},\"author\":{\"name\":\"Szymon Szl\u0119k\",\"@id\":\"https:\\\/\\\/inzynier.rzeszow.pl\\\/#\\\/schema\\\/person\\\/299f9f1bff7f4c594e213fe2c543f46e\"},\"headline\":\"Reprezentacja biegaczy PDK OIIB &#8211; udzia\u0142 w biegowych imprezach sportowych &#8211; 2025 r.\",\"datePublished\":\"2025-12-09T10:52:00+00:00\",\"dateModified\":\"2026-03-25T08:31:31+00:00\",\"mainEntityOfPage\":{\"@id\":\"https:\\\/\\\/inzynier.rzeszow.pl\\\/index.php\\\/2025\\\/12\\\/09\\\/reprezentacja-biegaczy-pdk-oiib-udzial-w-biegowych-imprezach-sportowych-2025-r\\\/\"},\"wordCount\":2109,\"image\":{\"@id\":\"https:\\\/\\\/inzynier.rzeszow.pl\\\/index.php\\\/2025\\\/12\\\/09\\\/reprezentacja-biegaczy-pdk-oiib-udzial-w-biegowych-imprezach-sportowych-2025-r\\\/#primaryimage\"},\"thumbnailUrl\":\"https:\\\/\\\/inzynier.rzeszow.pl\\\/wp-content\\\/uploads\\\/2025\\\/12\\\/2025-11-11-Sobek_1.jpg\",\"articleSection\":[\"Imprezy biegowe\",\"Z \u017cycia izby\"],\"inLanguage\":\"pl-PL\"},{\"@type\":\"WebPage\",\"@id\":\"https:\\\/\\\/inzynier.rzeszow.pl\\\/index.php\\\/2025\\\/12\\\/09\\\/reprezentacja-biegaczy-pdk-oiib-udzial-w-biegowych-imprezach-sportowych-2025-r\\\/\",\"url\":\"https:\\\/\\\/inzynier.rzeszow.pl\\\/index.php\\\/2025\\\/12\\\/09\\\/reprezentacja-biegaczy-pdk-oiib-udzial-w-biegowych-imprezach-sportowych-2025-r\\\/\",\"name\":\"Reprezentacja biegaczy PDK OIIB - udzia\u0142 w biegowych imprezach sportowych - 2025 r. - Podkarpacka Okregowa Izba Inzynierow Budownictwa\",\"isPartOf\":{\"@id\":\"https:\\\/\\\/inzynier.rzeszow.pl\\\/#website\"},\"primaryImageOfPage\":{\"@id\":\"https:\\\/\\\/inzynier.rzeszow.pl\\\/index.php\\\/2025\\\/12\\\/09\\\/reprezentacja-biegaczy-pdk-oiib-udzial-w-biegowych-imprezach-sportowych-2025-r\\\/#primaryimage\"},\"image\":{\"@id\":\"https:\\\/\\\/inzynier.rzeszow.pl\\\/index.php\\\/2025\\\/12\\\/09\\\/reprezentacja-biegaczy-pdk-oiib-udzial-w-biegowych-imprezach-sportowych-2025-r\\\/#primaryimage\"},\"thumbnailUrl\":\"https:\\\/\\\/inzynier.rzeszow.pl\\\/wp-content\\\/uploads\\\/2025\\\/12\\\/2025-11-11-Sobek_1.jpg\",\"datePublished\":\"2025-12-09T10:52:00+00:00\",\"dateModified\":\"2026-03-25T08:31:31+00:00\",\"author\":{\"@id\":\"https:\\\/\\\/inzynier.rzeszow.pl\\\/#\\\/schema\\\/person\\\/299f9f1bff7f4c594e213fe2c543f46e\"},\"breadcrumb\":{\"@id\":\"https:\\\/\\\/inzynier.rzeszow.pl\\\/index.php\\\/2025\\\/12\\\/09\\\/reprezentacja-biegaczy-pdk-oiib-udzial-w-biegowych-imprezach-sportowych-2025-r\\\/#breadcrumb\"},\"inLanguage\":\"pl-PL\",\"potentialAction\":[{\"@type\":\"ReadAction\",\"target\":[\"https:\\\/\\\/inzynier.rzeszow.pl\\\/index.php\\\/2025\\\/12\\\/09\\\/reprezentacja-biegaczy-pdk-oiib-udzial-w-biegowych-imprezach-sportowych-2025-r\\\/\"]}]},{\"@type\":\"ImageObject\",\"inLanguage\":\"pl-PL\",\"@id\":\"https:\\\/\\\/inzynier.rzeszow.pl\\\/index.php\\\/2025\\\/12\\\/09\\\/reprezentacja-biegaczy-pdk-oiib-udzial-w-biegowych-imprezach-sportowych-2025-r\\\/#primaryimage\",\"url\":\"https:\\\/\\\/inzynier.rzeszow.pl\\\/wp-content\\\/uploads\\\/2025\\\/12\\\/2025-11-11-Sobek_1.jpg\",\"contentUrl\":\"https:\\\/\\\/inzynier.rzeszow.pl\\\/wp-content\\\/uploads\\\/2025\\\/12\\\/2025-11-11-Sobek_1.jpg\",\"width\":2000,\"height\":1333},{\"@type\":\"BreadcrumbList\",\"@id\":\"https:\\\/\\\/inzynier.rzeszow.pl\\\/index.php\\\/2025\\\/12\\\/09\\\/reprezentacja-biegaczy-pdk-oiib-udzial-w-biegowych-imprezach-sportowych-2025-r\\\/#breadcrumb\",\"itemListElement\":[{\"@type\":\"ListItem\",\"position\":1,\"name\":\"Strona g\u0142\u00f3wna\",\"item\":\"https:\\\/\\\/inzynier.rzeszow.pl\\\/\"},{\"@type\":\"ListItem\",\"position\":2,\"name\":\"Reprezentacja biegaczy PDK OIIB &#8211; udzia\u0142 w biegowych imprezach sportowych &#8211; 2025 r.\"}]},{\"@type\":\"WebSite\",\"@id\":\"https:\\\/\\\/inzynier.rzeszow.pl\\\/#website\",\"url\":\"https:\\\/\\\/inzynier.rzeszow.pl\\\/\",\"name\":\"Podkarpacka Okregowa Izba Inzynierow Budownictwa\",\"description\":\"\",\"potentialAction\":[{\"@type\":\"SearchAction\",\"target\":{\"@type\":\"EntryPoint\",\"urlTemplate\":\"https:\\\/\\\/inzynier.rzeszow.pl\\\/?s={search_term_string}\"},\"query-input\":{\"@type\":\"PropertyValueSpecification\",\"valueRequired\":true,\"valueName\":\"search_term_string\"}}],\"inLanguage\":\"pl-PL\"},{\"@type\":\"Person\",\"@id\":\"https:\\\/\\\/inzynier.rzeszow.pl\\\/#\\\/schema\\\/person\\\/299f9f1bff7f4c594e213fe2c543f46e\",\"name\":\"Szymon Szl\u0119k\",\"image\":{\"@type\":\"ImageObject\",\"inLanguage\":\"pl-PL\",\"@id\":\"https:\\\/\\\/secure.gravatar.com\\\/avatar\\\/80846f52287d8ee14a58895d1dec9cad94720a352b8e7b9218e21dd6f728e124?s=96&d=mm&r=g\",\"url\":\"https:\\\/\\\/secure.gravatar.com\\\/avatar\\\/80846f52287d8ee14a58895d1dec9cad94720a352b8e7b9218e21dd6f728e124?s=96&d=mm&r=g\",\"contentUrl\":\"https:\\\/\\\/secure.gravatar.com\\\/avatar\\\/80846f52287d8ee14a58895d1dec9cad94720a352b8e7b9218e21dd6f728e124?s=96&d=mm&r=g\",\"caption\":\"Szymon Szl\u0119k\"},\"url\":\"https:\\\/\\\/inzynier.rzeszow.pl\\\/index.php\\\/author\\\/sszlek\\\/\"}]}<\/script>\n<!-- \/ Yoast SEO plugin. -->","yoast_head_json":{"title":"Reprezentacja biegaczy PDK OIIB - udzia\u0142 w biegowych imprezach sportowych - 2025 r. - Podkarpacka Okregowa Izba Inzynierow Budownictwa","robots":{"index":"index","follow":"follow","max-snippet":"max-snippet:-1","max-image-preview":"max-image-preview:large","max-video-preview":"max-video-preview:-1"},"canonical":"https:\/\/inzynier.rzeszow.pl\/index.php\/2025\/12\/09\/reprezentacja-biegaczy-pdk-oiib-udzial-w-biegowych-imprezach-sportowych-2025-r\/","og_locale":"pl_PL","og_type":"article","og_title":"Reprezentacja biegaczy PDK OIIB - udzia\u0142 w biegowych imprezach sportowych - 2025 r. - Podkarpacka Okregowa Izba Inzynierow Budownictwa","og_description":"Reprezentacja biegaczy Podkarpackiej Okr\u0119gowej Izby In\u017cynier\u00f3w Budownictwa aktywnie uczestniczy\u0142a w biegowych imprezach sportowych w 2025 r., promuj\u0105c zdrowy styl \u017cycia i integracj\u0119 \u015brodowiska in\u017cynierskiego. Relacja przedstawia najwa\u017cniejsze starty, wyniki uczestnik\u00f3w oraz wsp\u00f3lne sportowe momenty, kt\u00f3re \u0142\u0105czy\u0142y pasjonat\u00f3w biegania z ca\u0142ego regionu.","og_url":"https:\/\/inzynier.rzeszow.pl\/index.php\/2025\/12\/09\/reprezentacja-biegaczy-pdk-oiib-udzial-w-biegowych-imprezach-sportowych-2025-r\/","og_site_name":"Podkarpacka Okregowa Izba Inzynierow Budownictwa","article_published_time":"2025-12-09T10:52:00+00:00","article_modified_time":"2026-03-25T08:31:31+00:00","og_image":[{"width":2000,"height":1333,"url":"https:\/\/inzynier.rzeszow.pl\/wp-content\/uploads\/2025\/12\/2025-11-11-Sobek_1.jpg","type":"image\/jpeg"}],"author":"Szymon Szl\u0119k","twitter_card":"summary_large_image","twitter_misc":{"Napisane przez":"Szymon Szl\u0119k","Szacowany czas czytania":"12 minut"},"schema":{"@context":"https:\/\/schema.org","@graph":[{"@type":"Article","@id":"https:\/\/inzynier.rzeszow.pl\/index.php\/2025\/12\/09\/reprezentacja-biegaczy-pdk-oiib-udzial-w-biegowych-imprezach-sportowych-2025-r\/#article","isPartOf":{"@id":"https:\/\/inzynier.rzeszow.pl\/index.php\/2025\/12\/09\/reprezentacja-biegaczy-pdk-oiib-udzial-w-biegowych-imprezach-sportowych-2025-r\/"},"author":{"name":"Szymon Szl\u0119k","@id":"https:\/\/inzynier.rzeszow.pl\/#\/schema\/person\/299f9f1bff7f4c594e213fe2c543f46e"},"headline":"Reprezentacja biegaczy PDK OIIB &#8211; udzia\u0142 w biegowych imprezach sportowych &#8211; 2025 r.","datePublished":"2025-12-09T10:52:00+00:00","dateModified":"2026-03-25T08:31:31+00:00","mainEntityOfPage":{"@id":"https:\/\/inzynier.rzeszow.pl\/index.php\/2025\/12\/09\/reprezentacja-biegaczy-pdk-oiib-udzial-w-biegowych-imprezach-sportowych-2025-r\/"},"wordCount":2109,"image":{"@id":"https:\/\/inzynier.rzeszow.pl\/index.php\/2025\/12\/09\/reprezentacja-biegaczy-pdk-oiib-udzial-w-biegowych-imprezach-sportowych-2025-r\/#primaryimage"},"thumbnailUrl":"https:\/\/inzynier.rzeszow.pl\/wp-content\/uploads\/2025\/12\/2025-11-11-Sobek_1.jpg","articleSection":["Imprezy biegowe","Z \u017cycia izby"],"inLanguage":"pl-PL"},{"@type":"WebPage","@id":"https:\/\/inzynier.rzeszow.pl\/index.php\/2025\/12\/09\/reprezentacja-biegaczy-pdk-oiib-udzial-w-biegowych-imprezach-sportowych-2025-r\/","url":"https:\/\/inzynier.rzeszow.pl\/index.php\/2025\/12\/09\/reprezentacja-biegaczy-pdk-oiib-udzial-w-biegowych-imprezach-sportowych-2025-r\/","name":"Reprezentacja biegaczy PDK OIIB - udzia\u0142 w biegowych imprezach sportowych - 2025 r. - Podkarpacka Okregowa Izba Inzynierow Budownictwa","isPartOf":{"@id":"https:\/\/inzynier.rzeszow.pl\/#website"},"primaryImageOfPage":{"@id":"https:\/\/inzynier.rzeszow.pl\/index.php\/2025\/12\/09\/reprezentacja-biegaczy-pdk-oiib-udzial-w-biegowych-imprezach-sportowych-2025-r\/#primaryimage"},"image":{"@id":"https:\/\/inzynier.rzeszow.pl\/index.php\/2025\/12\/09\/reprezentacja-biegaczy-pdk-oiib-udzial-w-biegowych-imprezach-sportowych-2025-r\/#primaryimage"},"thumbnailUrl":"https:\/\/inzynier.rzeszow.pl\/wp-content\/uploads\/2025\/12\/2025-11-11-Sobek_1.jpg","datePublished":"2025-12-09T10:52:00+00:00","dateModified":"2026-03-25T08:31:31+00:00","author":{"@id":"https:\/\/inzynier.rzeszow.pl\/#\/schema\/person\/299f9f1bff7f4c594e213fe2c543f46e"},"breadcrumb":{"@id":"https:\/\/inzynier.rzeszow.pl\/index.php\/2025\/12\/09\/reprezentacja-biegaczy-pdk-oiib-udzial-w-biegowych-imprezach-sportowych-2025-r\/#breadcrumb"},"inLanguage":"pl-PL","potentialAction":[{"@type":"ReadAction","target":["https:\/\/inzynier.rzeszow.pl\/index.php\/2025\/12\/09\/reprezentacja-biegaczy-pdk-oiib-udzial-w-biegowych-imprezach-sportowych-2025-r\/"]}]},{"@type":"ImageObject","inLanguage":"pl-PL","@id":"https:\/\/inzynier.rzeszow.pl\/index.php\/2025\/12\/09\/reprezentacja-biegaczy-pdk-oiib-udzial-w-biegowych-imprezach-sportowych-2025-r\/#primaryimage","url":"https:\/\/inzynier.rzeszow.pl\/wp-content\/uploads\/2025\/12\/2025-11-11-Sobek_1.jpg","contentUrl":"https:\/\/inzynier.rzeszow.pl\/wp-content\/uploads\/2025\/12\/2025-11-11-Sobek_1.jpg","width":2000,"height":1333},{"@type":"BreadcrumbList","@id":"https:\/\/inzynier.rzeszow.pl\/index.php\/2025\/12\/09\/reprezentacja-biegaczy-pdk-oiib-udzial-w-biegowych-imprezach-sportowych-2025-r\/#breadcrumb","itemListElement":[{"@type":"ListItem","position":1,"name":"Strona g\u0142\u00f3wna","item":"https:\/\/inzynier.rzeszow.pl\/"},{"@type":"ListItem","position":2,"name":"Reprezentacja biegaczy PDK OIIB &#8211; udzia\u0142 w biegowych imprezach sportowych &#8211; 2025 r."}]},{"@type":"WebSite","@id":"https:\/\/inzynier.rzeszow.pl\/#website","url":"https:\/\/inzynier.rzeszow.pl\/","name":"Podkarpacka Okregowa Izba Inzynierow Budownictwa","description":"","potentialAction":[{"@type":"SearchAction","target":{"@type":"EntryPoint","urlTemplate":"https:\/\/inzynier.rzeszow.pl\/?s={search_term_string}"},"query-input":{"@type":"PropertyValueSpecification","valueRequired":true,"valueName":"search_term_string"}}],"inLanguage":"pl-PL"},{"@type":"Person","@id":"https:\/\/inzynier.rzeszow.pl\/#\/schema\/person\/299f9f1bff7f4c594e213fe2c543f46e","name":"Szymon Szl\u0119k","image":{"@type":"ImageObject","inLanguage":"pl-PL","@id":"https:\/\/secure.gravatar.com\/avatar\/80846f52287d8ee14a58895d1dec9cad94720a352b8e7b9218e21dd6f728e124?s=96&d=mm&r=g","url":"https:\/\/secure.gravatar.com\/avatar\/80846f52287d8ee14a58895d1dec9cad94720a352b8e7b9218e21dd6f728e124?s=96&d=mm&r=g","contentUrl":"https:\/\/secure.gravatar.com\/avatar\/80846f52287d8ee14a58895d1dec9cad94720a352b8e7b9218e21dd6f728e124?s=96&d=mm&r=g","caption":"Szymon Szl\u0119k"},"url":"https:\/\/inzynier.rzeszow.pl\/index.php\/author\/sszlek\/"}]}},"rttpg_featured_image_url":{"full":["https:\/\/inzynier.rzeszow.pl\/wp-content\/uploads\/2025\/12\/2025-11-11-Sobek_1.jpg",2000,1333,false],"landscape":["https:\/\/inzynier.rzeszow.pl\/wp-content\/uploads\/2025\/12\/2025-11-11-Sobek_1.jpg",2000,1333,false],"portraits":["https:\/\/inzynier.rzeszow.pl\/wp-content\/uploads\/2025\/12\/2025-11-11-Sobek_1.jpg",2000,1333,false],"thumbnail":["https:\/\/inzynier.rzeszow.pl\/wp-content\/uploads\/2025\/12\/2025-11-11-Sobek_1-150x150.jpg",150,150,true],"medium":["https:\/\/inzynier.rzeszow.pl\/wp-content\/uploads\/2025\/12\/2025-11-11-Sobek_1-300x200.jpg",300,200,true],"large":["https:\/\/inzynier.rzeszow.pl\/wp-content\/uploads\/2025\/12\/2025-11-11-Sobek_1-1024x682.jpg",1024,682,true],"1536x1536":["https:\/\/inzynier.rzeszow.pl\/wp-content\/uploads\/2025\/12\/2025-11-11-Sobek_1-1536x1024.jpg",1536,1024,true],"2048x2048":["https:\/\/inzynier.rzeszow.pl\/wp-content\/uploads\/2025\/12\/2025-11-11-Sobek_1.jpg",2000,1333,false]},"rttpg_author":{"display_name":"Szymon Szl\u0119k","author_link":"https:\/\/inzynier.rzeszow.pl\/index.php\/author\/sszlek\/"},"rttpg_comment":0,"rttpg_category":"<a href=\"https:\/\/inzynier.rzeszow.pl\/index.php\/category\/konkursy-okregowych-izb-imprezy-zewnetrzne\/imprezy-biegowe\/\" rel=\"category tag\">Imprezy biegowe<\/a> <a href=\"https:\/\/inzynier.rzeszow.pl\/index.php\/category\/z-zycia-izby\/\" rel=\"category tag\">Z \u017cycia izby<\/a>","rttpg_excerpt":"Reprezentacja biegaczy Podkarpackiej Okr\u0119gowej Izby In\u017cynier\u00f3w Budownictwa aktywnie uczestniczy\u0142a w biegowych imprezach sportowych w 2025 r., promuj\u0105c zdrowy styl \u017cycia i integracj\u0119 \u015brodowiska in\u017cynierskiego. Relacja przedstawia najwa\u017cniejsze starty, wyniki uczestnik\u00f3w oraz wsp\u00f3lne sportowe momenty, kt\u00f3re \u0142\u0105czy\u0142y pasjonat\u00f3w biegania z ca\u0142ego regionu.","_links":{"self":[{"href":"https:\/\/inzynier.rzeszow.pl\/index.php\/wp-json\/wp\/v2\/posts\/2083","targetHints":{"allow":["GET"]}}],"collection":[{"href":"https:\/\/inzynier.rzeszow.pl\/index.php\/wp-json\/wp\/v2\/posts"}],"about":[{"href":"https:\/\/inzynier.rzeszow.pl\/index.php\/wp-json\/wp\/v2\/types\/post"}],"author":[{"embeddable":true,"href":"https:\/\/inzynier.rzeszow.pl\/index.php\/wp-json\/wp\/v2\/users\/2"}],"replies":[{"embeddable":true,"href":"https:\/\/inzynier.rzeszow.pl\/index.php\/wp-json\/wp\/v2\/comments?post=2083"}],"version-history":[{"count":13,"href":"https:\/\/inzynier.rzeszow.pl\/index.php\/wp-json\/wp\/v2\/posts\/2083\/revisions"}],"predecessor-version":[{"id":8015,"href":"https:\/\/inzynier.rzeszow.pl\/index.php\/wp-json\/wp\/v2\/posts\/2083\/revisions\/8015"}],"wp:featuredmedia":[{"embeddable":true,"href":"https:\/\/inzynier.rzeszow.pl\/index.php\/wp-json\/wp\/v2\/media\/2086"}],"wp:attachment":[{"href":"https:\/\/inzynier.rzeszow.pl\/index.php\/wp-json\/wp\/v2\/media?parent=2083"}],"wp:term":[{"taxonomy":"category","embeddable":true,"href":"https:\/\/inzynier.rzeszow.pl\/index.php\/wp-json\/wp\/v2\/categories?post=2083"},{"taxonomy":"post_tag","embeddable":true,"href":"https:\/\/inzynier.rzeszow.pl\/index.php\/wp-json\/wp\/v2\/tags?post=2083"}],"curies":[{"name":"wp","href":"https:\/\/api.w.org\/{rel}","templated":true}]}}