{"id":1612,"date":"2025-09-29T09:42:00","date_gmt":"2025-09-29T09:42:00","guid":{"rendered":"https:\/\/migracja.inzynier.rzeszow.pl\/?p=1612"},"modified":"2026-03-14T11:11:35","modified_gmt":"2026-03-14T11:11:35","slug":"vii-otwarte-mistrzostwa-inzynierow-budownictwa-w-kolarstwie-gorskim-2025-r-gmina-lubenia","status":"publish","type":"post","link":"https:\/\/inzynier.rzeszow.pl\/index.php\/2025\/09\/29\/vii-otwarte-mistrzostwa-inzynierow-budownictwa-w-kolarstwie-gorskim-2025-r-gmina-lubenia\/","title":{"rendered":"VII Otwarte Mistrzostwa In\u017cynier\u00f3w Budownictwa w Kolarstwie G\u00f3rskim &#8211; 2025 r., Gmina Lubenia"},"content":{"rendered":"\t\t<div data-elementor-type=\"wp-post\" data-elementor-id=\"1612\" class=\"elementor elementor-1612\" data-elementor-post-type=\"post\">\n\t\t\t\t<div class=\"elementor-element elementor-element-a86bb8d e-flex e-con-boxed e-con e-parent\" data-id=\"a86bb8d\" data-element_type=\"container\" data-e-type=\"container\">\n\t\t\t\t\t<div class=\"e-con-inner\">\n\t\t<div class=\"elementor-element elementor-element-410f3d0 e-con-full e-flex e-con e-child\" data-id=\"410f3d0\" data-element_type=\"container\" data-e-type=\"container\">\n\t\t<div class=\"elementor-element elementor-element-0161690 e-con-full e-flex e-con e-child\" data-id=\"0161690\" data-element_type=\"container\" data-e-type=\"container\">\n\t\t\t\t<div class=\"elementor-element elementor-element-833a258 elementor-widget elementor-widget-image\" data-id=\"833a258\" data-element_type=\"widget\" data-e-type=\"widget\" data-widget_type=\"image.default\">\n\t\t\t\t\t\t\t\t\t\t\t\t\t\t\t<img fetchpriority=\"high\" decoding=\"async\" width=\"1024\" height=\"768\" src=\"https:\/\/inzynier.rzeszow.pl\/wp-content\/uploads\/2025\/12\/2025-08-.JPG-Lubenia_3-1024x768.jpg\" class=\"attachment-large size-large wp-image-1613\" alt=\"\" srcset=\"https:\/\/inzynier.rzeszow.pl\/wp-content\/uploads\/2025\/12\/2025-08-.JPG-Lubenia_3-1024x768.jpg 1024w, https:\/\/inzynier.rzeszow.pl\/wp-content\/uploads\/2025\/12\/2025-08-.JPG-Lubenia_3-300x225.jpg 300w, https:\/\/inzynier.rzeszow.pl\/wp-content\/uploads\/2025\/12\/2025-08-.JPG-Lubenia_3-768x576.jpg 768w, https:\/\/inzynier.rzeszow.pl\/wp-content\/uploads\/2025\/12\/2025-08-.JPG-Lubenia_3-1536x1152.jpg 1536w, https:\/\/inzynier.rzeszow.pl\/wp-content\/uploads\/2025\/12\/2025-08-.JPG-Lubenia_3.jpg 2048w\" sizes=\"(max-width: 1024px) 100vw, 1024px\" \/>\t\t\t\t\t\t\t\t\t\t\t\t\t\t\t<\/div>\n\t\t\t\t<\/div>\n\t\t<div class=\"elementor-element elementor-element-ba0eba7 e-con-full e-flex e-con e-child\" data-id=\"ba0eba7\" data-element_type=\"container\" data-e-type=\"container\">\n\t\t\t\t<div class=\"elementor-element elementor-element-43c5e2f elementor-widget elementor-widget-text-editor\" data-id=\"43c5e2f\" data-element_type=\"widget\" data-e-type=\"widget\" data-widget_type=\"text-editor.default\">\n\t\t\t\t\t\t\t\t\t<p>W dniu 31 sierpnia 2025 roku w miejscowo\u015bci Lubenia odby\u0142y si\u0119 emocjonuj\u0105ce zawody rowerowe MTB, kt\u00f3re zgromadzi\u0142y wielu pasjonat\u00f3w kolarstwa g\u00f3rskiego. Podczas zawod\u00f3w odby\u0142a si\u0119 r\u00f3wnie\u017c\u00a0<strong>VII edycja Otwartych Mistrzostw In\u017cynier\u00f3w Budownictwa w Kolarstwie G\u00f3rskim<\/strong>. Wydarzenie przyci\u0105gn\u0119\u0142o zar\u00f3wno zawodnik\u00f3w amator\u00f3w, jak i profesjonalist\u00f3w, kt\u00f3rzy rywalizowali na malowniczej, ale wymagaj\u0105cej trasie w okolicach Lubeni.<\/p>\n<p>Na miejscu obecni byli przedstawiciele PDK OIIB: zast\u0119pca przewodnicz\u0105cego OR PDK OIIB Anna Malinowska, cz\u0142onek prezydium OR PDK OIIB \u0141ukasz Ze\u0144ko, cz\u0142onek Zespo\u0142u ds. Promocji i Integracji PDK OIIB Marcin Kurzeja.<\/p>\n<p>G\u0142\u00f3wnym sponsorem wydarzenia by\u0142a firma<strong>\u00a0<a href=\"http:\/\/plombierrzeszow.pl\/\" target=\"_blank\" rel=\"noopener\">Plombier Sp. z o.o. Sp. K.<\/a><\/strong><\/p>\t\t\t\t\t\t\t\t<\/div>\n\t\t\t\t<div class=\"elementor-element elementor-element-0ebf8ce elementor-widget elementor-widget-image\" data-id=\"0ebf8ce\" data-element_type=\"widget\" data-e-type=\"widget\" data-widget_type=\"image.default\">\n\t\t\t\t\t\t\t\t\t\t\t\t\t\t\t<img decoding=\"async\" width=\"240\" height=\"66\" src=\"https:\/\/inzynier.rzeszow.pl\/wp-content\/uploads\/2025\/09\/plombier_logo_19.jpg\" class=\"attachment-large size-large wp-image-1616\" alt=\"\" \/>\t\t\t\t\t\t\t\t\t\t\t\t\t\t\t<\/div>\n\t\t\t\t<\/div>\n\t\t\t\t<\/div>\n\t\t\t\t\t<\/div>\n\t\t\t\t<\/div>\n\t\t<div class=\"elementor-element elementor-element-84b4b85 e-flex e-con-boxed e-con e-parent\" data-id=\"84b4b85\" data-element_type=\"container\" data-e-type=\"container\">\n\t\t\t\t\t<div class=\"e-con-inner\">\n\t\t\t\t<div class=\"elementor-element elementor-element-ed2942d elementor-widget elementor-widget-text-editor\" data-id=\"ed2942d\" data-element_type=\"widget\" data-e-type=\"widget\" data-widget_type=\"text-editor.default\">\n\t\t\t\t\t\t\t\t\t<p>Zawody rozpocz\u0119\u0142y si\u0119 po godzinie 11.00, a uczestnicy startowali w kategoriach: HILUX Race, LAND CRUISER Race, Corolla Cross Race, z licznymi podjazdami, zjazdami i technicznymi odcinkami, kt\u00f3re stanowi\u0142y prawdziwe wyzwanie dla ka\u017cdego rowerzysty. Nie zabrak\u0142o r\u00f3wnie\u017c trasy dla dzieci- AYGO Kids Race, kt\u00f3ra cieszy\u0142a si\u0119 niema\u0142\u0105 popularno\u015bci\u0105 w\u015br\u00f3d najm\u0142odszych uczestnik\u00f3w wydarzenia.\u00a0<\/p>\n<p>W kategorii\u00a0<strong>COROLLA CROSS RACE\u00a0<\/strong>zwyci\u0119zc\u0105 zosta\u0142\u00a0<strong>Przemys\u0142aw Stacho\u0144<\/strong>, kt\u00f3ry pokona\u0142 tras\u0119 w czasie\u00a0<strong>1:17:12.38.\u00a0<\/strong>Na drugim miejscu uplasowa\u0142 si\u0119\u00a0<strong>Andrzej Czech,<\/strong>\u00a0a podium zamkn\u0105\u0142\u00a0<strong>Grzegorz O\u017c\u00f3g.<\/strong><\/p>\n<p>Kolejn\u0105 kategoria by\u0142a kategoria\u00a0<strong>HILUX Race- m\u0119\u017cczy\u017ani,\u00a0<\/strong>kt\u00f3r\u0105 wygra\u0142<strong>\u00a0Grzegorz Rumik\u00a0<\/strong>z czasem<strong>\u00a02:22:18.88.\u00a0<\/strong>Drugie miejsce zdoby<strong>\u0142 Karol Macek,<\/strong>\u00a0a na trzeciej pozycji triumfowa\u0142\u00a0<strong>Andrzej Zawadzki.<\/strong><\/p>\n<p>W kategorii<strong>\u00a0HILUX Race- kobiety,<\/strong>\u00a0na pierwszym stopniu podium stan\u0119\u0142a<strong>\u00a0Anna Mago\u0144\u00a0<\/strong>(Mazowiecka\u00a0 OIIB) z czasem\u00a0<strong>2:51:55.31.<\/strong><\/p>\n<p>Ostatni\u0105 kategori\u0105 w zawodach in\u017cynier\u00f3w by\u0142<strong>\u00a0LAND CRUIDER Race<\/strong><strong>.\u00a0<\/strong>Pierwsze miejsce zapewni\u0142 sobie<strong>\u00a0Pawe\u0142 Krawczyk\u00a0<\/strong>z czasem\u00a0<strong>2:06:23.84<\/strong><strong>, Wojciech Maziarka\u00a0<\/strong>zaj\u0105\u0142 drug\u0105 lokat\u0119 z niewielk\u0105 strat\u0105 do zwyci\u0119zcy, a<strong>\u00a0Przemys\u0142aw Patru\u015b<\/strong><strong>\u00a0<\/strong>dope\u0142ni\u0142 podium, zapewniaj\u0105c sobie trzecie miejsce.<\/p>\n<p>Wszystkim uczestnikom towarzyszy\u0142a \u015bwietna atmosfera, a kibice licznie zjawili si\u0119 na trasie, dopinguj\u0105c swoich faworyt\u00f3w. Zawodnicy docenili organizacj\u0119 wydarzenia, a tak\u017ce trudno\u015b\u0107 trasy, kt\u00f3ra stanowi\u0142a prawdziwe wyzwanie, ale r\u00f3wnie\u017c da\u0142a ogromn\u0105 satysfakcj\u0119 po jej pokonaniu.<\/p>\n<p>Po zako\u0144czeniu zawod\u00f3w odby\u0142a si\u0119 ceremonia wr\u0119czenia nagr\u00f3d, podczas kt\u00f3rej zast\u0119pca przewodnicz\u0105cego OR PDK OIIB Anna Malinowska oraz cz\u0142onek prezydium OR PDK OIIB \u00a0\u0141ukasz Ze\u0144ko wr\u0119czyli zwyci\u0119zcom pami\u0105tkowe statuetki. Zawodnikom na miejscu kibicowa\u0142 r\u00f3wnie\u017c cz\u0142onek Zespo\u0142u ds. Promocji i Integracji PDK OIIB Marcin Kurzeja.<\/p>\n<p>Zawody MTB w Lubeni okaza\u0142y si\u0119 \u015bwietnym wydarzeniem, kt\u00f3re nie tylko sprzyja\u0142o rywalizacji, ale r\u00f3wnie\u017c integracji spo\u0142eczno\u015bci rowerowej. W organizacj\u0119 wydarzenia zaanga\u017cowali si\u0119 liczni sponsorzy, dzi\u0119ki czemu impreza mog\u0142a si\u0119 odby\u0107 na wysokim poziomie.<\/p>\t\t\t\t\t\t\t\t<\/div>\n\t\t\t\t\t<\/div>\n\t\t\t\t<\/div>\n\t\t<div class=\"elementor-element elementor-element-f6bdeec e-flex e-con-boxed e-con e-parent\" data-id=\"f6bdeec\" data-element_type=\"container\" data-e-type=\"container\">\n\t\t\t\t\t<div class=\"e-con-inner\">\n\t\t\t\t<div class=\"elementor-element elementor-element-84c1a4a elementor-widget__width-inherit elementor-icon-list--layout-traditional elementor-list-item-link-full_width elementor-widget elementor-widget-icon-list\" data-id=\"84c1a4a\" data-element_type=\"widget\" data-e-type=\"widget\" data-widget_type=\"icon-list.default\">\n\t\t\t\t\t\t\t<ul class=\"elementor-icon-list-items\">\n\t\t\t\t\t\t\t<li class=\"elementor-icon-list-item\">\n\t\t\t\t\t\t\t\t\t\t\t<a href=\"https:\/\/www.facebook.com\/media\/set\/?vanity=PodkarpackaOIIB&#038;set=a.1217439780421087\" target=\"_blank\">\n\n\t\t\t\t\t\t\t\t\t\t\t\t<span class=\"elementor-icon-list-icon\">\n\t\t\t\t\t\t\t<svg aria-hidden=\"true\" class=\"e-font-icon-svg e-fas-arrow-circle-right\" viewBox=\"0 0 512 512\" xmlns=\"http:\/\/www.w3.org\/2000\/svg\"><path d=\"M256 8c137 0 248 111 248 248S393 504 256 504 8 393 8 256 119 8 256 8zm-28.9 143.6l75.5 72.4H120c-13.3 0-24 10.7-24 24v16c0 13.3 10.7 24 24 24h182.6l-75.5 72.4c-9.7 9.3-9.9 24.8-.4 34.3l11 10.9c9.4 9.4 24.6 9.4 33.9 0L404.3 273c9.4-9.4 9.4-24.6 0-33.9L271.6 106.3c-9.4-9.4-24.6-9.4-33.9 0l-11 10.9c-9.5 9.6-9.3 25.1.4 34.4z\"><\/path><\/svg>\t\t\t\t\t\t<\/span>\n\t\t\t\t\t\t\t\t\t\t<span class=\"elementor-icon-list-text\">Galeria fotograficzna z VII Otwarte Mistrzostwa In\u017cynier\u00f3w Budownictwa w Kolarstwie G\u00f3rskim - 31.08.2025 r., Gmina Lubenia<\/span>\n\t\t\t\t\t\t\t\t\t\t\t<\/a>\n\t\t\t\t\t\t\t\t\t<\/li>\n\t\t\t\t\t\t<\/ul>\n\t\t\t\t\t\t<\/div>\n\t\t\t\t\t<\/div>\n\t\t\t\t<\/div>\n\t\t<div class=\"elementor-element elementor-element-c2daf0f e-flex e-con-boxed e-con e-parent\" data-id=\"c2daf0f\" data-element_type=\"container\" data-e-type=\"container\">\n\t\t\t\t\t<div class=\"e-con-inner\">\n\t\t\t\t<div class=\"elementor-element elementor-element-315f90d elementor-widget elementor-widget-gallery\" data-id=\"315f90d\" data-element_type=\"widget\" data-e-type=\"widget\" data-settings=\"{&quot;columns&quot;:3,&quot;lazyload&quot;:&quot;yes&quot;,&quot;gallery_layout&quot;:&quot;grid&quot;,&quot;columns_tablet&quot;:2,&quot;columns_mobile&quot;:1,&quot;gap&quot;:{&quot;unit&quot;:&quot;px&quot;,&quot;size&quot;:10,&quot;sizes&quot;:[]},&quot;gap_tablet&quot;:{&quot;unit&quot;:&quot;px&quot;,&quot;size&quot;:10,&quot;sizes&quot;:[]},&quot;gap_mobile&quot;:{&quot;unit&quot;:&quot;px&quot;,&quot;size&quot;:10,&quot;sizes&quot;:[]},&quot;link_to&quot;:&quot;file&quot;,&quot;aspect_ratio&quot;:&quot;3:2&quot;,&quot;overlay_background&quot;:&quot;yes&quot;,&quot;content_hover_animation&quot;:&quot;fade-in&quot;}\" data-widget_type=\"gallery.default\">\n\t\t\t\t\t\t\t<div class=\"elementor-gallery__container\">\n\t\t\t\t\t\t\t<a class=\"e-gallery-item elementor-gallery-item elementor-animated-content\" href=\"https:\/\/inzynier.rzeszow.pl\/wp-content\/uploads\/2025\/09\/2025-08-.JPG-Lubenia_1.jpg\" data-elementor-open-lightbox=\"yes\" data-elementor-lightbox-slideshow=\"315f90d\" data-e-action-hash=\"#elementor-action%3Aaction%3Dlightbox%26settings%3DeyJpZCI6MTYxNywidXJsIjoiaHR0cHM6XC9cL2luenluaWVyLnJ6ZXN6b3cucGxcL3dwLWNvbnRlbnRcL3VwbG9hZHNcLzIwMjVcLzA5XC8yMDI1LTA4LS5KUEctTHViZW5pYV8xLmpwZyIsInNsaWRlc2hvdyI6IjMxNWY5MGQifQ%3D%3D\">\n\t\t\t\t\t<div class=\"e-gallery-image elementor-gallery-item__image\" data-thumbnail=\"https:\/\/inzynier.rzeszow.pl\/wp-content\/uploads\/2025\/09\/2025-08-.JPG-Lubenia_1-300x225.jpg\" data-width=\"300\" data-height=\"225\" aria-label=\"\" role=\"img\" ><\/div>\n\t\t\t\t\t\t\t\t\t\t\t<div class=\"elementor-gallery-item__overlay\"><\/div>\n\t\t\t\t\t\t\t\t\t\t\t\t\t\t<\/a>\n\t\t\t\t\t\t\t<a class=\"e-gallery-item elementor-gallery-item elementor-animated-content\" href=\"https:\/\/inzynier.rzeszow.pl\/wp-content\/uploads\/2025\/09\/2025-08-.JPG-Lubenia_2.jpg\" data-elementor-open-lightbox=\"yes\" data-elementor-lightbox-slideshow=\"315f90d\" data-e-action-hash=\"#elementor-action%3Aaction%3Dlightbox%26settings%3DeyJpZCI6MTYxOCwidXJsIjoiaHR0cHM6XC9cL2luenluaWVyLnJ6ZXN6b3cucGxcL3dwLWNvbnRlbnRcL3VwbG9hZHNcLzIwMjVcLzA5XC8yMDI1LTA4LS5KUEctTHViZW5pYV8yLmpwZyIsInNsaWRlc2hvdyI6IjMxNWY5MGQifQ%3D%3D\">\n\t\t\t\t\t<div class=\"e-gallery-image elementor-gallery-item__image\" data-thumbnail=\"https:\/\/inzynier.rzeszow.pl\/wp-content\/uploads\/2025\/09\/2025-08-.JPG-Lubenia_2-300x225.jpg\" data-width=\"300\" data-height=\"225\" aria-label=\"\" role=\"img\" ><\/div>\n\t\t\t\t\t\t\t\t\t\t\t<div class=\"elementor-gallery-item__overlay\"><\/div>\n\t\t\t\t\t\t\t\t\t\t\t\t\t\t<\/a>\n\t\t\t\t\t\t\t<a class=\"e-gallery-item elementor-gallery-item elementor-animated-content\" href=\"https:\/\/inzynier.rzeszow.pl\/wp-content\/uploads\/2025\/09\/2025-08-.JPG-Lubenia_3.jpg\" data-elementor-open-lightbox=\"yes\" data-elementor-lightbox-slideshow=\"315f90d\" data-e-action-hash=\"#elementor-action%3Aaction%3Dlightbox%26settings%3DeyJpZCI6MTYxOSwidXJsIjoiaHR0cHM6XC9cL2luenluaWVyLnJ6ZXN6b3cucGxcL3dwLWNvbnRlbnRcL3VwbG9hZHNcLzIwMjVcLzA5XC8yMDI1LTA4LS5KUEctTHViZW5pYV8zLmpwZyIsInNsaWRlc2hvdyI6IjMxNWY5MGQifQ%3D%3D\">\n\t\t\t\t\t<div class=\"e-gallery-image elementor-gallery-item__image\" data-thumbnail=\"https:\/\/inzynier.rzeszow.pl\/wp-content\/uploads\/2025\/09\/2025-08-.JPG-Lubenia_3-300x225.jpg\" data-width=\"300\" data-height=\"225\" aria-label=\"\" role=\"img\" ><\/div>\n\t\t\t\t\t\t\t\t\t\t\t<div class=\"elementor-gallery-item__overlay\"><\/div>\n\t\t\t\t\t\t\t\t\t\t\t\t\t\t<\/a>\n\t\t\t\t\t\t\t<a class=\"e-gallery-item elementor-gallery-item elementor-animated-content\" href=\"https:\/\/inzynier.rzeszow.pl\/wp-content\/uploads\/2025\/09\/2025-08-.JPG-Lubenia_4.jpg\" data-elementor-open-lightbox=\"yes\" data-elementor-lightbox-slideshow=\"315f90d\" data-e-action-hash=\"#elementor-action%3Aaction%3Dlightbox%26settings%3DeyJpZCI6MTYyMCwidXJsIjoiaHR0cHM6XC9cL2luenluaWVyLnJ6ZXN6b3cucGxcL3dwLWNvbnRlbnRcL3VwbG9hZHNcLzIwMjVcLzA5XC8yMDI1LTA4LS5KUEctTHViZW5pYV80LmpwZyIsInNsaWRlc2hvdyI6IjMxNWY5MGQifQ%3D%3D\">\n\t\t\t\t\t<div class=\"e-gallery-image elementor-gallery-item__image\" data-thumbnail=\"https:\/\/inzynier.rzeszow.pl\/wp-content\/uploads\/2025\/09\/2025-08-.JPG-Lubenia_4-300x225.jpg\" data-width=\"300\" data-height=\"225\" aria-label=\"\" role=\"img\" ><\/div>\n\t\t\t\t\t\t\t\t\t\t\t<div class=\"elementor-gallery-item__overlay\"><\/div>\n\t\t\t\t\t\t\t\t\t\t\t\t\t\t<\/a>\n\t\t\t\t\t\t\t<a class=\"e-gallery-item elementor-gallery-item elementor-animated-content\" href=\"https:\/\/inzynier.rzeszow.pl\/wp-content\/uploads\/2025\/09\/2025-Lubenia_4.jpg\" data-elementor-open-lightbox=\"yes\" data-elementor-lightbox-slideshow=\"315f90d\" data-e-action-hash=\"#elementor-action%3Aaction%3Dlightbox%26settings%3DeyJpZCI6MTYyMSwidXJsIjoiaHR0cHM6XC9cL2luenluaWVyLnJ6ZXN6b3cucGxcL3dwLWNvbnRlbnRcL3VwbG9hZHNcLzIwMjVcLzA5XC8yMDI1LUx1YmVuaWFfNC5qcGciLCJzbGlkZXNob3ciOiIzMTVmOTBkIn0%3D\">\n\t\t\t\t\t<div class=\"e-gallery-image elementor-gallery-item__image\" data-thumbnail=\"https:\/\/inzynier.rzeszow.pl\/wp-content\/uploads\/2025\/09\/2025-Lubenia_4-300x225.jpg\" data-width=\"300\" data-height=\"225\" aria-label=\"\" role=\"img\" ><\/div>\n\t\t\t\t\t\t\t\t\t\t\t<div class=\"elementor-gallery-item__overlay\"><\/div>\n\t\t\t\t\t\t\t\t\t\t\t\t\t\t<\/a>\n\t\t\t\t\t<\/div>\n\t\t\t\t\t<\/div>\n\t\t\t\t\t<\/div>\n\t\t\t\t<\/div>\n\t\t\t\t<\/div>\n\t\t","protected":false},"excerpt":{"rendered":"<p>VII Otwarte Mistrzostwa In\u017cynier\u00f3w Budownictwa w kolarstwie g\u00f3rskim 2025 odby\u0142y si\u0119 29 wrze\u015bnia w gminie Lubenia, przyci\u0105gaj\u0105c mi\u0142o\u015bnik\u00f3w dw\u00f3ch k\u00f3\u0142ek z r\u00f3\u017cnych region\u00f3w. Zawody \u0142\u0105czy\u0142y sportow\u0105 rywalizacj\u0119 z integracj\u0105 \u015brodowiska in\u017cynierskiego, promuj\u0105c aktywno\u015b\u0107 na \u015bwie\u017cym powietrzu. Relacja z mistrzostw przedstawia wyniki, najciekawsze momenty oraz atmosfer\u0119 imprezy.<\/p>\n","protected":false},"author":2,"featured_media":1613,"comment_status":"closed","ping_status":"closed","sticky":false,"template":"","format":"standard","meta":{"site-sidebar-layout":"default","site-content-layout":"","ast-site-content-layout":"default","site-content-style":"default","site-sidebar-style":"default","ast-global-header-display":"","ast-banner-title-visibility":"","ast-main-header-display":"","ast-hfb-above-header-display":"","ast-hfb-below-header-display":"","ast-hfb-mobile-header-display":"","site-post-title":"","ast-breadcrumbs-content":"","ast-featured-img":"","footer-sml-layout":"","ast-disable-related-posts":"","theme-transparent-header-meta":"","adv-header-id-meta":"","stick-header-meta":"","header-above-stick-meta":"","header-main-stick-meta":"","header-below-stick-meta":"","astra-migrate-meta-layouts":"default","ast-page-background-enabled":"default","ast-page-background-meta":{"desktop":{"background-color":"var(--ast-global-color-5)","background-image":"","background-repeat":"repeat","background-position":"center center","background-size":"auto","background-attachment":"scroll","background-type":"","background-media":"","overlay-type":"","overlay-color":"","overlay-opacity":"","overlay-gradient":""},"tablet":{"background-color":"","background-image":"","background-repeat":"repeat","background-position":"center center","background-size":"auto","background-attachment":"scroll","background-type":"","background-media":"","overlay-type":"","overlay-color":"","overlay-opacity":"","overlay-gradient":""},"mobile":{"background-color":"","background-image":"","background-repeat":"repeat","background-position":"center center","background-size":"auto","background-attachment":"scroll","background-type":"","background-media":"","overlay-type":"","overlay-color":"","overlay-opacity":"","overlay-gradient":""}},"ast-content-background-meta":{"desktop":{"background-color":"var(--ast-global-color-4)","background-image":"","background-repeat":"repeat","background-position":"center center","background-size":"auto","background-attachment":"scroll","background-type":"","background-media":"","overlay-type":"","overlay-color":"","overlay-opacity":"","overlay-gradient":""},"tablet":{"background-color":"var(--ast-global-color-4)","background-image":"","background-repeat":"repeat","background-position":"center center","background-size":"auto","background-attachment":"scroll","background-type":"","background-media":"","overlay-type":"","overlay-color":"","overlay-opacity":"","overlay-gradient":""},"mobile":{"background-color":"var(--ast-global-color-4)","background-image":"","background-repeat":"repeat","background-position":"center center","background-size":"auto","background-attachment":"scroll","background-type":"","background-media":"","overlay-type":"","overlay-color":"","overlay-opacity":"","overlay-gradient":""}},"footnotes":""},"categories":[30,16],"tags":[],"class_list":["post-1612","post","type-post","status-publish","format-standard","has-post-thumbnail","hentry","category-mistrzostwa-w-kolarstwie-gorskim-lubenia","category-z-zycia-izby"],"yoast_head":"<!-- This site is optimized with the Yoast SEO plugin v27.5 - https:\/\/yoast.com\/product\/yoast-seo-wordpress\/ -->\n<title>VII Otwarte Mistrzostwa In\u017cynier\u00f3w Budownictwa w Kolarstwie G\u00f3rskim - 2025 r., Gmina Lubenia - Podkarpacka Okregowa Izba Inzynierow Budownictwa<\/title>\n<meta name=\"robots\" content=\"index, follow, max-snippet:-1, max-image-preview:large, max-video-preview:-1\" \/>\n<link rel=\"canonical\" href=\"https:\/\/inzynier.rzeszow.pl\/index.php\/2025\/09\/29\/vii-otwarte-mistrzostwa-inzynierow-budownictwa-w-kolarstwie-gorskim-2025-r-gmina-lubenia\/\" \/>\n<meta property=\"og:locale\" content=\"pl_PL\" \/>\n<meta property=\"og:type\" content=\"article\" \/>\n<meta property=\"og:title\" content=\"VII Otwarte Mistrzostwa In\u017cynier\u00f3w Budownictwa w Kolarstwie G\u00f3rskim - 2025 r., Gmina Lubenia - Podkarpacka Okregowa Izba Inzynierow Budownictwa\" \/>\n<meta property=\"og:description\" content=\"VII Otwarte Mistrzostwa In\u017cynier\u00f3w Budownictwa w kolarstwie g\u00f3rskim 2025 odby\u0142y si\u0119 29 wrze\u015bnia w gminie Lubenia, przyci\u0105gaj\u0105c mi\u0142o\u015bnik\u00f3w dw\u00f3ch k\u00f3\u0142ek z r\u00f3\u017cnych region\u00f3w. Zawody \u0142\u0105czy\u0142y sportow\u0105 rywalizacj\u0119 z integracj\u0105 \u015brodowiska in\u017cynierskiego, promuj\u0105c aktywno\u015b\u0107 na \u015bwie\u017cym powietrzu. Relacja z mistrzostw przedstawia wyniki, najciekawsze momenty oraz atmosfer\u0119 imprezy.\" \/>\n<meta property=\"og:url\" content=\"https:\/\/inzynier.rzeszow.pl\/index.php\/2025\/09\/29\/vii-otwarte-mistrzostwa-inzynierow-budownictwa-w-kolarstwie-gorskim-2025-r-gmina-lubenia\/\" \/>\n<meta property=\"og:site_name\" content=\"Podkarpacka Okregowa Izba Inzynierow Budownictwa\" \/>\n<meta property=\"article:published_time\" content=\"2025-09-29T09:42:00+00:00\" \/>\n<meta property=\"article:modified_time\" content=\"2026-03-14T11:11:35+00:00\" \/>\n<meta property=\"og:image\" content=\"https:\/\/inzynier.rzeszow.pl\/wp-content\/uploads\/2025\/12\/2025-08-.JPG-Lubenia_3.jpg\" \/>\n\t<meta property=\"og:image:width\" content=\"2048\" \/>\n\t<meta property=\"og:image:height\" content=\"1536\" \/>\n\t<meta property=\"og:image:type\" content=\"image\/jpeg\" \/>\n<meta name=\"author\" content=\"Szymon Szl\u0119k\" \/>\n<meta name=\"twitter:card\" content=\"summary_large_image\" \/>\n<meta name=\"twitter:label1\" content=\"Napisane przez\" \/>\n\t<meta name=\"twitter:data1\" content=\"Szymon Szl\u0119k\" \/>\n\t<meta name=\"twitter:label2\" content=\"Szacowany czas czytania\" \/>\n\t<meta name=\"twitter:data2\" content=\"3 minuty\" \/>\n<script type=\"application\/ld+json\" class=\"yoast-schema-graph\">{\"@context\":\"https:\\\/\\\/schema.org\",\"@graph\":[{\"@type\":\"Article\",\"@id\":\"https:\\\/\\\/inzynier.rzeszow.pl\\\/index.php\\\/2025\\\/09\\\/29\\\/vii-otwarte-mistrzostwa-inzynierow-budownictwa-w-kolarstwie-gorskim-2025-r-gmina-lubenia\\\/#article\",\"isPartOf\":{\"@id\":\"https:\\\/\\\/inzynier.rzeszow.pl\\\/index.php\\\/2025\\\/09\\\/29\\\/vii-otwarte-mistrzostwa-inzynierow-budownictwa-w-kolarstwie-gorskim-2025-r-gmina-lubenia\\\/\"},\"author\":{\"name\":\"Szymon Szl\u0119k\",\"@id\":\"https:\\\/\\\/inzynier.rzeszow.pl\\\/#\\\/schema\\\/person\\\/299f9f1bff7f4c594e213fe2c543f46e\"},\"headline\":\"VII Otwarte Mistrzostwa In\u017cynier\u00f3w Budownictwa w Kolarstwie G\u00f3rskim &#8211; 2025 r., Gmina Lubenia\",\"datePublished\":\"2025-09-29T09:42:00+00:00\",\"dateModified\":\"2026-03-14T11:11:35+00:00\",\"mainEntityOfPage\":{\"@id\":\"https:\\\/\\\/inzynier.rzeszow.pl\\\/index.php\\\/2025\\\/09\\\/29\\\/vii-otwarte-mistrzostwa-inzynierow-budownictwa-w-kolarstwie-gorskim-2025-r-gmina-lubenia\\\/\"},\"wordCount\":483,\"image\":{\"@id\":\"https:\\\/\\\/inzynier.rzeszow.pl\\\/index.php\\\/2025\\\/09\\\/29\\\/vii-otwarte-mistrzostwa-inzynierow-budownictwa-w-kolarstwie-gorskim-2025-r-gmina-lubenia\\\/#primaryimage\"},\"thumbnailUrl\":\"https:\\\/\\\/inzynier.rzeszow.pl\\\/wp-content\\\/uploads\\\/2025\\\/12\\\/2025-08-.JPG-Lubenia_3.jpg\",\"articleSection\":[\"Mistrzostwa w Kolarstwie G\u00f3rskim - Lubenia\",\"Z \u017cycia izby\"],\"inLanguage\":\"pl-PL\"},{\"@type\":\"WebPage\",\"@id\":\"https:\\\/\\\/inzynier.rzeszow.pl\\\/index.php\\\/2025\\\/09\\\/29\\\/vii-otwarte-mistrzostwa-inzynierow-budownictwa-w-kolarstwie-gorskim-2025-r-gmina-lubenia\\\/\",\"url\":\"https:\\\/\\\/inzynier.rzeszow.pl\\\/index.php\\\/2025\\\/09\\\/29\\\/vii-otwarte-mistrzostwa-inzynierow-budownictwa-w-kolarstwie-gorskim-2025-r-gmina-lubenia\\\/\",\"name\":\"VII Otwarte Mistrzostwa In\u017cynier\u00f3w Budownictwa w Kolarstwie G\u00f3rskim - 2025 r., Gmina Lubenia - Podkarpacka Okregowa Izba Inzynierow Budownictwa\",\"isPartOf\":{\"@id\":\"https:\\\/\\\/inzynier.rzeszow.pl\\\/#website\"},\"primaryImageOfPage\":{\"@id\":\"https:\\\/\\\/inzynier.rzeszow.pl\\\/index.php\\\/2025\\\/09\\\/29\\\/vii-otwarte-mistrzostwa-inzynierow-budownictwa-w-kolarstwie-gorskim-2025-r-gmina-lubenia\\\/#primaryimage\"},\"image\":{\"@id\":\"https:\\\/\\\/inzynier.rzeszow.pl\\\/index.php\\\/2025\\\/09\\\/29\\\/vii-otwarte-mistrzostwa-inzynierow-budownictwa-w-kolarstwie-gorskim-2025-r-gmina-lubenia\\\/#primaryimage\"},\"thumbnailUrl\":\"https:\\\/\\\/inzynier.rzeszow.pl\\\/wp-content\\\/uploads\\\/2025\\\/12\\\/2025-08-.JPG-Lubenia_3.jpg\",\"datePublished\":\"2025-09-29T09:42:00+00:00\",\"dateModified\":\"2026-03-14T11:11:35+00:00\",\"author\":{\"@id\":\"https:\\\/\\\/inzynier.rzeszow.pl\\\/#\\\/schema\\\/person\\\/299f9f1bff7f4c594e213fe2c543f46e\"},\"breadcrumb\":{\"@id\":\"https:\\\/\\\/inzynier.rzeszow.pl\\\/index.php\\\/2025\\\/09\\\/29\\\/vii-otwarte-mistrzostwa-inzynierow-budownictwa-w-kolarstwie-gorskim-2025-r-gmina-lubenia\\\/#breadcrumb\"},\"inLanguage\":\"pl-PL\",\"potentialAction\":[{\"@type\":\"ReadAction\",\"target\":[\"https:\\\/\\\/inzynier.rzeszow.pl\\\/index.php\\\/2025\\\/09\\\/29\\\/vii-otwarte-mistrzostwa-inzynierow-budownictwa-w-kolarstwie-gorskim-2025-r-gmina-lubenia\\\/\"]}]},{\"@type\":\"ImageObject\",\"inLanguage\":\"pl-PL\",\"@id\":\"https:\\\/\\\/inzynier.rzeszow.pl\\\/index.php\\\/2025\\\/09\\\/29\\\/vii-otwarte-mistrzostwa-inzynierow-budownictwa-w-kolarstwie-gorskim-2025-r-gmina-lubenia\\\/#primaryimage\",\"url\":\"https:\\\/\\\/inzynier.rzeszow.pl\\\/wp-content\\\/uploads\\\/2025\\\/12\\\/2025-08-.JPG-Lubenia_3.jpg\",\"contentUrl\":\"https:\\\/\\\/inzynier.rzeszow.pl\\\/wp-content\\\/uploads\\\/2025\\\/12\\\/2025-08-.JPG-Lubenia_3.jpg\",\"width\":2048,\"height\":1536},{\"@type\":\"BreadcrumbList\",\"@id\":\"https:\\\/\\\/inzynier.rzeszow.pl\\\/index.php\\\/2025\\\/09\\\/29\\\/vii-otwarte-mistrzostwa-inzynierow-budownictwa-w-kolarstwie-gorskim-2025-r-gmina-lubenia\\\/#breadcrumb\",\"itemListElement\":[{\"@type\":\"ListItem\",\"position\":1,\"name\":\"Strona g\u0142\u00f3wna\",\"item\":\"https:\\\/\\\/inzynier.rzeszow.pl\\\/\"},{\"@type\":\"ListItem\",\"position\":2,\"name\":\"VII Otwarte Mistrzostwa In\u017cynier\u00f3w Budownictwa w Kolarstwie G\u00f3rskim &#8211; 2025 r., Gmina Lubenia\"}]},{\"@type\":\"WebSite\",\"@id\":\"https:\\\/\\\/inzynier.rzeszow.pl\\\/#website\",\"url\":\"https:\\\/\\\/inzynier.rzeszow.pl\\\/\",\"name\":\"Podkarpacka Okregowa Izba Inzynierow Budownictwa\",\"description\":\"\",\"potentialAction\":[{\"@type\":\"SearchAction\",\"target\":{\"@type\":\"EntryPoint\",\"urlTemplate\":\"https:\\\/\\\/inzynier.rzeszow.pl\\\/?s={search_term_string}\"},\"query-input\":{\"@type\":\"PropertyValueSpecification\",\"valueRequired\":true,\"valueName\":\"search_term_string\"}}],\"inLanguage\":\"pl-PL\"},{\"@type\":\"Person\",\"@id\":\"https:\\\/\\\/inzynier.rzeszow.pl\\\/#\\\/schema\\\/person\\\/299f9f1bff7f4c594e213fe2c543f46e\",\"name\":\"Szymon Szl\u0119k\",\"image\":{\"@type\":\"ImageObject\",\"inLanguage\":\"pl-PL\",\"@id\":\"https:\\\/\\\/secure.gravatar.com\\\/avatar\\\/80846f52287d8ee14a58895d1dec9cad94720a352b8e7b9218e21dd6f728e124?s=96&d=mm&r=g\",\"url\":\"https:\\\/\\\/secure.gravatar.com\\\/avatar\\\/80846f52287d8ee14a58895d1dec9cad94720a352b8e7b9218e21dd6f728e124?s=96&d=mm&r=g\",\"contentUrl\":\"https:\\\/\\\/secure.gravatar.com\\\/avatar\\\/80846f52287d8ee14a58895d1dec9cad94720a352b8e7b9218e21dd6f728e124?s=96&d=mm&r=g\",\"caption\":\"Szymon Szl\u0119k\"},\"url\":\"https:\\\/\\\/inzynier.rzeszow.pl\\\/index.php\\\/author\\\/sszlek\\\/\"}]}<\/script>\n<!-- \/ Yoast SEO plugin. -->","yoast_head_json":{"title":"VII Otwarte Mistrzostwa In\u017cynier\u00f3w Budownictwa w Kolarstwie G\u00f3rskim - 2025 r., Gmina Lubenia - Podkarpacka Okregowa Izba Inzynierow Budownictwa","robots":{"index":"index","follow":"follow","max-snippet":"max-snippet:-1","max-image-preview":"max-image-preview:large","max-video-preview":"max-video-preview:-1"},"canonical":"https:\/\/inzynier.rzeszow.pl\/index.php\/2025\/09\/29\/vii-otwarte-mistrzostwa-inzynierow-budownictwa-w-kolarstwie-gorskim-2025-r-gmina-lubenia\/","og_locale":"pl_PL","og_type":"article","og_title":"VII Otwarte Mistrzostwa In\u017cynier\u00f3w Budownictwa w Kolarstwie G\u00f3rskim - 2025 r., Gmina Lubenia - Podkarpacka Okregowa Izba Inzynierow Budownictwa","og_description":"VII Otwarte Mistrzostwa In\u017cynier\u00f3w Budownictwa w kolarstwie g\u00f3rskim 2025 odby\u0142y si\u0119 29 wrze\u015bnia w gminie Lubenia, przyci\u0105gaj\u0105c mi\u0142o\u015bnik\u00f3w dw\u00f3ch k\u00f3\u0142ek z r\u00f3\u017cnych region\u00f3w. Zawody \u0142\u0105czy\u0142y sportow\u0105 rywalizacj\u0119 z integracj\u0105 \u015brodowiska in\u017cynierskiego, promuj\u0105c aktywno\u015b\u0107 na \u015bwie\u017cym powietrzu. Relacja z mistrzostw przedstawia wyniki, najciekawsze momenty oraz atmosfer\u0119 imprezy.","og_url":"https:\/\/inzynier.rzeszow.pl\/index.php\/2025\/09\/29\/vii-otwarte-mistrzostwa-inzynierow-budownictwa-w-kolarstwie-gorskim-2025-r-gmina-lubenia\/","og_site_name":"Podkarpacka Okregowa Izba Inzynierow Budownictwa","article_published_time":"2025-09-29T09:42:00+00:00","article_modified_time":"2026-03-14T11:11:35+00:00","og_image":[{"width":2048,"height":1536,"url":"https:\/\/inzynier.rzeszow.pl\/wp-content\/uploads\/2025\/12\/2025-08-.JPG-Lubenia_3.jpg","type":"image\/jpeg"}],"author":"Szymon Szl\u0119k","twitter_card":"summary_large_image","twitter_misc":{"Napisane przez":"Szymon Szl\u0119k","Szacowany czas czytania":"3 minuty"},"schema":{"@context":"https:\/\/schema.org","@graph":[{"@type":"Article","@id":"https:\/\/inzynier.rzeszow.pl\/index.php\/2025\/09\/29\/vii-otwarte-mistrzostwa-inzynierow-budownictwa-w-kolarstwie-gorskim-2025-r-gmina-lubenia\/#article","isPartOf":{"@id":"https:\/\/inzynier.rzeszow.pl\/index.php\/2025\/09\/29\/vii-otwarte-mistrzostwa-inzynierow-budownictwa-w-kolarstwie-gorskim-2025-r-gmina-lubenia\/"},"author":{"name":"Szymon Szl\u0119k","@id":"https:\/\/inzynier.rzeszow.pl\/#\/schema\/person\/299f9f1bff7f4c594e213fe2c543f46e"},"headline":"VII Otwarte Mistrzostwa In\u017cynier\u00f3w Budownictwa w Kolarstwie G\u00f3rskim &#8211; 2025 r., Gmina Lubenia","datePublished":"2025-09-29T09:42:00+00:00","dateModified":"2026-03-14T11:11:35+00:00","mainEntityOfPage":{"@id":"https:\/\/inzynier.rzeszow.pl\/index.php\/2025\/09\/29\/vii-otwarte-mistrzostwa-inzynierow-budownictwa-w-kolarstwie-gorskim-2025-r-gmina-lubenia\/"},"wordCount":483,"image":{"@id":"https:\/\/inzynier.rzeszow.pl\/index.php\/2025\/09\/29\/vii-otwarte-mistrzostwa-inzynierow-budownictwa-w-kolarstwie-gorskim-2025-r-gmina-lubenia\/#primaryimage"},"thumbnailUrl":"https:\/\/inzynier.rzeszow.pl\/wp-content\/uploads\/2025\/12\/2025-08-.JPG-Lubenia_3.jpg","articleSection":["Mistrzostwa w Kolarstwie G\u00f3rskim - Lubenia","Z \u017cycia izby"],"inLanguage":"pl-PL"},{"@type":"WebPage","@id":"https:\/\/inzynier.rzeszow.pl\/index.php\/2025\/09\/29\/vii-otwarte-mistrzostwa-inzynierow-budownictwa-w-kolarstwie-gorskim-2025-r-gmina-lubenia\/","url":"https:\/\/inzynier.rzeszow.pl\/index.php\/2025\/09\/29\/vii-otwarte-mistrzostwa-inzynierow-budownictwa-w-kolarstwie-gorskim-2025-r-gmina-lubenia\/","name":"VII Otwarte Mistrzostwa In\u017cynier\u00f3w Budownictwa w Kolarstwie G\u00f3rskim - 2025 r., Gmina Lubenia - Podkarpacka Okregowa Izba Inzynierow Budownictwa","isPartOf":{"@id":"https:\/\/inzynier.rzeszow.pl\/#website"},"primaryImageOfPage":{"@id":"https:\/\/inzynier.rzeszow.pl\/index.php\/2025\/09\/29\/vii-otwarte-mistrzostwa-inzynierow-budownictwa-w-kolarstwie-gorskim-2025-r-gmina-lubenia\/#primaryimage"},"image":{"@id":"https:\/\/inzynier.rzeszow.pl\/index.php\/2025\/09\/29\/vii-otwarte-mistrzostwa-inzynierow-budownictwa-w-kolarstwie-gorskim-2025-r-gmina-lubenia\/#primaryimage"},"thumbnailUrl":"https:\/\/inzynier.rzeszow.pl\/wp-content\/uploads\/2025\/12\/2025-08-.JPG-Lubenia_3.jpg","datePublished":"2025-09-29T09:42:00+00:00","dateModified":"2026-03-14T11:11:35+00:00","author":{"@id":"https:\/\/inzynier.rzeszow.pl\/#\/schema\/person\/299f9f1bff7f4c594e213fe2c543f46e"},"breadcrumb":{"@id":"https:\/\/inzynier.rzeszow.pl\/index.php\/2025\/09\/29\/vii-otwarte-mistrzostwa-inzynierow-budownictwa-w-kolarstwie-gorskim-2025-r-gmina-lubenia\/#breadcrumb"},"inLanguage":"pl-PL","potentialAction":[{"@type":"ReadAction","target":["https:\/\/inzynier.rzeszow.pl\/index.php\/2025\/09\/29\/vii-otwarte-mistrzostwa-inzynierow-budownictwa-w-kolarstwie-gorskim-2025-r-gmina-lubenia\/"]}]},{"@type":"ImageObject","inLanguage":"pl-PL","@id":"https:\/\/inzynier.rzeszow.pl\/index.php\/2025\/09\/29\/vii-otwarte-mistrzostwa-inzynierow-budownictwa-w-kolarstwie-gorskim-2025-r-gmina-lubenia\/#primaryimage","url":"https:\/\/inzynier.rzeszow.pl\/wp-content\/uploads\/2025\/12\/2025-08-.JPG-Lubenia_3.jpg","contentUrl":"https:\/\/inzynier.rzeszow.pl\/wp-content\/uploads\/2025\/12\/2025-08-.JPG-Lubenia_3.jpg","width":2048,"height":1536},{"@type":"BreadcrumbList","@id":"https:\/\/inzynier.rzeszow.pl\/index.php\/2025\/09\/29\/vii-otwarte-mistrzostwa-inzynierow-budownictwa-w-kolarstwie-gorskim-2025-r-gmina-lubenia\/#breadcrumb","itemListElement":[{"@type":"ListItem","position":1,"name":"Strona g\u0142\u00f3wna","item":"https:\/\/inzynier.rzeszow.pl\/"},{"@type":"ListItem","position":2,"name":"VII Otwarte Mistrzostwa In\u017cynier\u00f3w Budownictwa w Kolarstwie G\u00f3rskim &#8211; 2025 r., Gmina Lubenia"}]},{"@type":"WebSite","@id":"https:\/\/inzynier.rzeszow.pl\/#website","url":"https:\/\/inzynier.rzeszow.pl\/","name":"Podkarpacka Okregowa Izba Inzynierow Budownictwa","description":"","potentialAction":[{"@type":"SearchAction","target":{"@type":"EntryPoint","urlTemplate":"https:\/\/inzynier.rzeszow.pl\/?s={search_term_string}"},"query-input":{"@type":"PropertyValueSpecification","valueRequired":true,"valueName":"search_term_string"}}],"inLanguage":"pl-PL"},{"@type":"Person","@id":"https:\/\/inzynier.rzeszow.pl\/#\/schema\/person\/299f9f1bff7f4c594e213fe2c543f46e","name":"Szymon Szl\u0119k","image":{"@type":"ImageObject","inLanguage":"pl-PL","@id":"https:\/\/secure.gravatar.com\/avatar\/80846f52287d8ee14a58895d1dec9cad94720a352b8e7b9218e21dd6f728e124?s=96&d=mm&r=g","url":"https:\/\/secure.gravatar.com\/avatar\/80846f52287d8ee14a58895d1dec9cad94720a352b8e7b9218e21dd6f728e124?s=96&d=mm&r=g","contentUrl":"https:\/\/secure.gravatar.com\/avatar\/80846f52287d8ee14a58895d1dec9cad94720a352b8e7b9218e21dd6f728e124?s=96&d=mm&r=g","caption":"Szymon Szl\u0119k"},"url":"https:\/\/inzynier.rzeszow.pl\/index.php\/author\/sszlek\/"}]}},"rttpg_featured_image_url":{"full":["https:\/\/inzynier.rzeszow.pl\/wp-content\/uploads\/2025\/12\/2025-08-.JPG-Lubenia_3.jpg",2048,1536,false],"landscape":["https:\/\/inzynier.rzeszow.pl\/wp-content\/uploads\/2025\/12\/2025-08-.JPG-Lubenia_3.jpg",2048,1536,false],"portraits":["https:\/\/inzynier.rzeszow.pl\/wp-content\/uploads\/2025\/12\/2025-08-.JPG-Lubenia_3.jpg",2048,1536,false],"thumbnail":["https:\/\/inzynier.rzeszow.pl\/wp-content\/uploads\/2025\/12\/2025-08-.JPG-Lubenia_3-150x150.jpg",150,150,true],"medium":["https:\/\/inzynier.rzeszow.pl\/wp-content\/uploads\/2025\/12\/2025-08-.JPG-Lubenia_3-300x225.jpg",300,225,true],"large":["https:\/\/inzynier.rzeszow.pl\/wp-content\/uploads\/2025\/12\/2025-08-.JPG-Lubenia_3-1024x768.jpg",1024,768,true],"1536x1536":["https:\/\/inzynier.rzeszow.pl\/wp-content\/uploads\/2025\/12\/2025-08-.JPG-Lubenia_3-1536x1152.jpg",1536,1152,true],"2048x2048":["https:\/\/inzynier.rzeszow.pl\/wp-content\/uploads\/2025\/12\/2025-08-.JPG-Lubenia_3.jpg",2048,1536,false]},"rttpg_author":{"display_name":"Szymon Szl\u0119k","author_link":"https:\/\/inzynier.rzeszow.pl\/index.php\/author\/sszlek\/"},"rttpg_comment":0,"rttpg_category":"<a href=\"https:\/\/inzynier.rzeszow.pl\/index.php\/category\/konkursy-pdk-oiib\/mistrzostwa-w-kolarstwie-gorskim-lubenia\/\" rel=\"category tag\">Mistrzostwa w Kolarstwie G\u00f3rskim - Lubenia<\/a> <a href=\"https:\/\/inzynier.rzeszow.pl\/index.php\/category\/z-zycia-izby\/\" rel=\"category tag\">Z \u017cycia izby<\/a>","rttpg_excerpt":"VII Otwarte Mistrzostwa In\u017cynier\u00f3w Budownictwa w kolarstwie g\u00f3rskim 2025 odby\u0142y si\u0119 29 wrze\u015bnia w gminie Lubenia, przyci\u0105gaj\u0105c mi\u0142o\u015bnik\u00f3w dw\u00f3ch k\u00f3\u0142ek z r\u00f3\u017cnych region\u00f3w. Zawody \u0142\u0105czy\u0142y sportow\u0105 rywalizacj\u0119 z integracj\u0105 \u015brodowiska in\u017cynierskiego, promuj\u0105c aktywno\u015b\u0107 na \u015bwie\u017cym powietrzu. Relacja z mistrzostw przedstawia wyniki, najciekawsze momenty oraz atmosfer\u0119 imprezy.","_links":{"self":[{"href":"https:\/\/inzynier.rzeszow.pl\/index.php\/wp-json\/wp\/v2\/posts\/1612","targetHints":{"allow":["GET"]}}],"collection":[{"href":"https:\/\/inzynier.rzeszow.pl\/index.php\/wp-json\/wp\/v2\/posts"}],"about":[{"href":"https:\/\/inzynier.rzeszow.pl\/index.php\/wp-json\/wp\/v2\/types\/post"}],"author":[{"embeddable":true,"href":"https:\/\/inzynier.rzeszow.pl\/index.php\/wp-json\/wp\/v2\/users\/2"}],"replies":[{"embeddable":true,"href":"https:\/\/inzynier.rzeszow.pl\/index.php\/wp-json\/wp\/v2\/comments?post=1612"}],"version-history":[{"count":9,"href":"https:\/\/inzynier.rzeszow.pl\/index.php\/wp-json\/wp\/v2\/posts\/1612\/revisions"}],"predecessor-version":[{"id":6502,"href":"https:\/\/inzynier.rzeszow.pl\/index.php\/wp-json\/wp\/v2\/posts\/1612\/revisions\/6502"}],"wp:featuredmedia":[{"embeddable":true,"href":"https:\/\/inzynier.rzeszow.pl\/index.php\/wp-json\/wp\/v2\/media\/1613"}],"wp:attachment":[{"href":"https:\/\/inzynier.rzeszow.pl\/index.php\/wp-json\/wp\/v2\/media?parent=1612"}],"wp:term":[{"taxonomy":"category","embeddable":true,"href":"https:\/\/inzynier.rzeszow.pl\/index.php\/wp-json\/wp\/v2\/categories?post=1612"},{"taxonomy":"post_tag","embeddable":true,"href":"https:\/\/inzynier.rzeszow.pl\/index.php\/wp-json\/wp\/v2\/tags?post=1612"}],"curies":[{"name":"wp","href":"https:\/\/api.w.org\/{rel}","templated":true}]}}