{"id":1585,"date":"2025-08-29T09:33:00","date_gmt":"2025-08-29T09:33:00","guid":{"rendered":"https:\/\/migracja.inzynier.rzeszow.pl\/?p=1585"},"modified":"2026-03-26T12:53:54","modified_gmt":"2026-03-26T11:53:54","slug":"i-galicyjska-10-tka-podkarpackiej-okregowej-izby-inzynierow-budownictwa-13-07-2025-r-urzejowice","status":"publish","type":"post","link":"https:\/\/inzynier.rzeszow.pl\/index.php\/2025\/08\/29\/i-galicyjska-10-tka-podkarpackiej-okregowej-izby-inzynierow-budownictwa-13-07-2025-r-urzejowice\/","title":{"rendered":"I Galicyjska 10-tka Podkarpackiej Okr\u0119gowej Izby In\u017cynier\u00f3w Budownictwa &#8211; 13.07.2025 r., Urzejowice"},"content":{"rendered":"\t\t<div data-elementor-type=\"wp-post\" data-elementor-id=\"1585\" class=\"elementor elementor-1585\" data-elementor-post-type=\"post\">\n\t\t\t\t<div class=\"elementor-element elementor-element-a86bb8d e-flex e-con-boxed e-con e-parent\" data-id=\"a86bb8d\" data-element_type=\"container\" data-e-type=\"container\">\n\t\t\t\t\t<div class=\"e-con-inner\">\n\t\t<div class=\"elementor-element elementor-element-410f3d0 e-con-full e-flex e-con e-child\" data-id=\"410f3d0\" data-element_type=\"container\" data-e-type=\"container\">\n\t\t<div class=\"elementor-element elementor-element-0161690 e-con-full e-flex e-con e-child\" data-id=\"0161690\" data-element_type=\"container\" data-e-type=\"container\">\n\t\t\t\t<div class=\"elementor-element elementor-element-833a258 elementor-widget elementor-widget-image\" data-id=\"833a258\" data-element_type=\"widget\" data-e-type=\"widget\" data-widget_type=\"image.default\">\n\t\t\t\t\t\t\t\t\t\t\t\t\t\t\t<img fetchpriority=\"high\" decoding=\"async\" width=\"1024\" height=\"683\" src=\"https:\/\/inzynier.rzeszow.pl\/wp-content\/uploads\/2025\/08\/Galicyjska-10-tka_25-1024x683.webp\" class=\"attachment-large size-large wp-image-8130\" alt=\"\" srcset=\"https:\/\/inzynier.rzeszow.pl\/wp-content\/uploads\/2025\/08\/Galicyjska-10-tka_25-1024x683.webp 1024w, https:\/\/inzynier.rzeszow.pl\/wp-content\/uploads\/2025\/08\/Galicyjska-10-tka_25-300x200.png 300w, https:\/\/inzynier.rzeszow.pl\/wp-content\/uploads\/2025\/08\/Galicyjska-10-tka_25-768x512.webp 768w, https:\/\/inzynier.rzeszow.pl\/wp-content\/uploads\/2025\/08\/Galicyjska-10-tka_25.webp 1200w\" sizes=\"(max-width: 1024px) 100vw, 1024px\" \/>\t\t\t\t\t\t\t\t\t\t\t\t\t\t\t<\/div>\n\t\t\t\t<\/div>\n\t\t<div class=\"elementor-element elementor-element-ba0eba7 e-con-full e-flex e-con e-child\" data-id=\"ba0eba7\" data-element_type=\"container\" data-e-type=\"container\">\n\t\t\t\t<div class=\"elementor-element elementor-element-43c5e2f elementor-widget elementor-widget-text-editor\" data-id=\"43c5e2f\" data-element_type=\"widget\" data-e-type=\"widget\" data-widget_type=\"text-editor.default\">\n\t\t\t\t\t\t\t\t\t<p>W dniu 13 lipca 2025 r. w Urzejowicach (powiat przeworski) odby\u0142a si\u0119\u00a0<strong>I Galicyjska 10-tka Podkarpackiej Okr\u0119gowej Izby In\u017cynier\u00f3w\u00a0<\/strong>podczas<strong>\u00a0<\/strong>wydarzenia sportowego I Galicyjska 10-tka. Gratulujemy wszystkim<strong>\u00a0<\/strong>startuj\u0105cym, a w\u015br\u00f3d nich nie brakuje znajomych twarzy. Na starcie stan\u0119li zast\u0119pca przewodnicz\u0105cego PDK OIIB Wac\u0142aw Kami\u0144ski i nasz reprezentant w biegach Damian \u015al\u0119czka.<\/p><p>Nasi przedstawiciele si\u0119gn\u0119li po najwy\u017csze laury w klasyfikacji in\u017cynier\u00f3w, ale i w klasyfikacji OPEN! Wyniki m\u00f3wi\u0105 same za siebie. Dzi\u0119kujemy za zaanga\u017cowanie i wspania\u0142\u0105 rywalizacj\u0119!\u00a0<\/p>\t\t\t\t\t\t\t\t<\/div>\n\t\t\t\t<\/div>\n\t\t\t\t<\/div>\n\t\t\t\t\t<\/div>\n\t\t\t\t<\/div>\n\t\t<div class=\"elementor-element elementor-element-84b4b85 e-flex e-con-boxed e-con e-parent\" data-id=\"84b4b85\" data-element_type=\"container\" data-e-type=\"container\">\n\t\t\t\t\t<div class=\"e-con-inner\">\n\t\t\t\t<div class=\"elementor-element elementor-element-ed2942d elementor-widget elementor-widget-text-editor\" data-id=\"ed2942d\" data-element_type=\"widget\" data-e-type=\"widget\" data-widget_type=\"text-editor.default\">\n\t\t\t\t\t\t\t\t\t<p><strong>W kategorii I Galicyjska 10-tka PDK OIIB<\/strong><\/p>\n<p><strong>BIEG &#8211; M\u0119\u017cczy\u017ani (M)\u00a0<\/strong>na dystansie 10 km<br \/>1. Damian \u015al\u0119czka &#8211; z rewelacyjnym czasem 0:42:27<br \/>2. Piotr Bednarski &#8211; 0:48:29<br \/>3. Andrzej K\u0119pka &#8211; 1:06:07\u00a0<\/p>\n<p><strong>BIEG &#8211; Kobiety (K)\u00a0<\/strong>na dystansie 10 km<br \/>1. Katarzyna Kuchta &#8211; 0:58:29<br \/>2. Katarzyna Kami\u0144ska \u2013 1:02:18<br \/>3. Karolina Wojnar \u2013 1:15:08<br \/><br \/><strong>NORDIC WALKING &#8211; M\u0119\u017cczy\u017ani (M)\u00a0<\/strong>na dystansie 7 km<br \/>1. Mateusz Sobek &#8211; 0:56:52<br \/>2. Micha\u0142 Darecki &#8211; 1:08:29<br \/>3. Wac\u0142aw Kami\u0144ski &#8211; 1:17:35<br \/><strong><br \/>NORDIC WALKING &#8211; Kobiety (K)\u00a0<\/strong>na dystansie 7 km<br \/>1. Ma\u0142gorzata Darecka &#8211; 1:09:42<br \/>2. Iwona Tojanowska-Kami\u0144ska &#8211; 1:18:31<strong>W kategorii\u00a0<\/strong><strong>I Galicyjska 10-tka<\/strong><\/p>\n<p><strong>Damian \u015al\u0119czka<\/strong>\u00a0&#8211; I miejsce OPEN na dystansie 10 km z rewelacyjnym czasem 42:27!<\/p>\n<p><strong>Mateusz Sobek<\/strong>\u00a0&#8211; 3. miejsce OPEN w Marszu Nordic Walking z czasem 56:52!<\/p>\n<p><strong>Micha\u0142 Darecki<\/strong>\u00a0&#8211; 3. miejsce w kategorii NW M40-49<\/p>\n<p><strong>Ma\u0142gorzata Darecka<\/strong>\u00a0&#8211; 3. miejsce w kategorii NW K40-49<\/p>\n<p><strong>Iwona Trojanowska-Kami\u0144ska\u00a0<\/strong>&#8211; 3. miejsce w kategorii NW K50-59<\/p>\n<p>Organizatorom\u00a0<strong>Galicja biega<\/strong>\u00a0dzi\u0119kujemy, \u017ce mogli\u015bmy razem tworzy\u0107 to wydarzenie. To by\u0142a impreza na najwy\u017cszym poziomie, sama przyjemno\u015b\u0107 biega\u0107 i maszerowa\u0107 z Wami. Gratulacje dla uczestnik\u00f3w I Galicyjskiej 10-tki.<strong>\u00a0<\/strong>Do zobaczenia na kolejnych wydarzeniach!\u00a0<br \/><br \/><strong><a href=\"https:\/\/www.facebook.com\/PodkarpackaOIIB\/posts\/pfbid02LbpR4uvN4CzhcidVZWw3CDv1YhGZ4WWUsNDpFmH5m18qfYBXPye338uE2QQSviKel\" target=\"_blank\" rel=\"noopener\">Galeria fotograficzna z I Galicyjska 10-tka PDK OIIB &#8211; 13.07.2025 r., Urzejowice &gt;&gt;<br \/><\/a><\/strong><\/p>\n<p>Opracowa\u0142: Maciej Kucharczyk<br \/>fot.: Tomasz Chrobak, Robert Boro, Karolina Pill-Sowa, Pawe\u0142 Dyrkacz<\/p>\n<p>W ramach I Galicyjskiej 10-tki i marszu Nordic Walking organizowana jest\u00a0<strong>I Galicyjska 10-tka Podkarpackiej Okr\u0119gowej Izby In\u017cynier\u00f3w Budownictwa dla czynnych cz\u0142onk\u00f3w PDK OIIB w dniu 13 lipca 2025 r.\u00a0<\/strong>(niedziela) o godz. 10:00 w Urzejowicach.<\/p>\n<p>Wy\u015bcig rozgrywany b\u0119dzie na dystansie: bieg-10km, marsz Nordic Walking-7km<\/p>\n<p>W konkurencji In\u017cynier Budownictwa obowi\u0105zuje podzia\u0142 na kategorie Kobiet i M\u0119\u017cczyzn, bez podzia\u0142u na wiek. Klasyfikacja i pami\u0105tkowe statuetki zostan\u0105 wr\u0119czone trzem najszybszym zawodniczkom i zawodnikom.<\/p>\n<p>Zawodnik bior\u0105cy udzia\u0142 w danej konkurencji, klasyfikowany jest r\u00f3wnie\u017c w klasyfikacji og\u00f3lnej.<\/p>\n<p>Warunkiem uczestnictwa w zawodach jest prawid\u0142owe wype\u0142nienie formularza rejestracyjnego. W odpowiedniej rubryce panelu rejestracyjnego, nale\u017cy zg\u0142osi\u0107 ch\u0119\u0107 udzia\u0142u w Klasyfikacji In\u017cynier Budownictwa oraz wpisa\u0107 numer cz\u0142onkowski:\u00a0<a href=\"https:\/\/orientharper.pl\/?page=competition&amp;action=competition&amp;id=501\" target=\"_blank\" rel=\"noopener\"><strong>zapisy on-line &gt;&gt;<\/strong><\/a>\u00a0<\/p>\n<p><strong>Zapisy w systemie elektronicznym zostan\u0105 zamkni\u0119te 30.06.2025 r.\u00a0<\/strong>P\u00f3\u017aniejsza rejestracja b\u0119dzie mo\u017cliwa po bezpo\u015brednim kontakcie z organizatorem, do wyczerpania miejsc. Biuro zawod\u00f3w czynne od godz. 7:00.<\/p>\n<p>Wsp\u00f3\u0142organizator wydarzenia: Podkarpacka Okr\u0119gowa Izba In\u017cynier\u00f3w Budownictwa<br \/>&#8211; kontakt tel.: +48 17 777 64 54<br \/>&#8211;\u00a0<a href=\"mailto:organizacja@inzynier.rzeszow.pl\">organizacja@inzynier.rzeszow.pl<\/a>\u00a0<\/p>\n<p>\u00a0<\/p>\t\t\t\t\t\t\t\t<\/div>\n\t\t\t\t\t<\/div>\n\t\t\t\t<\/div>\n\t\t<div class=\"elementor-element elementor-element-f6bdeec e-flex e-con-boxed e-con e-parent\" data-id=\"f6bdeec\" data-element_type=\"container\" data-e-type=\"container\">\n\t\t\t\t\t<div class=\"e-con-inner\">\n\t\t\t\t<div class=\"elementor-element elementor-element-84c1a4a elementor-widget__width-inherit elementor-icon-list--layout-traditional elementor-list-item-link-full_width elementor-widget elementor-widget-icon-list\" data-id=\"84c1a4a\" data-element_type=\"widget\" data-e-type=\"widget\" data-widget_type=\"icon-list.default\">\n\t\t\t\t\t\t\t<ul class=\"elementor-icon-list-items\">\n\t\t\t\t\t\t\t<li class=\"elementor-icon-list-item\">\n\t\t\t\t\t\t\t\t\t\t\t<a href=\"https:\/\/www.facebook.com\/GALICJABIEGA\/\" target=\"_blank\">\n\n\t\t\t\t\t\t\t\t\t\t\t\t<span class=\"elementor-icon-list-icon\">\n\t\t\t\t\t\t\t<svg aria-hidden=\"true\" class=\"e-font-icon-svg e-fas-arrow-circle-right\" viewBox=\"0 0 512 512\" xmlns=\"http:\/\/www.w3.org\/2000\/svg\"><path d=\"M256 8c137 0 248 111 248 248S393 504 256 504 8 393 8 256 119 8 256 8zm-28.9 143.6l75.5 72.4H120c-13.3 0-24 10.7-24 24v16c0 13.3 10.7 24 24 24h182.6l-75.5 72.4c-9.7 9.3-9.9 24.8-.4 34.3l11 10.9c9.4 9.4 24.6 9.4 33.9 0L404.3 273c9.4-9.4 9.4-24.6 0-33.9L271.6 106.3c-9.4-9.4-24.6-9.4-33.9 0l-11 10.9c-9.5 9.6-9.3 25.1.4 34.4z\"><\/path><\/svg>\t\t\t\t\t\t<\/span>\n\t\t\t\t\t\t\t\t\t\t<span class=\"elementor-icon-list-text\">Wi\u0119cej szczeg\u00f3\u0142\u00f3w<\/span>\n\t\t\t\t\t\t\t\t\t\t\t<\/a>\n\t\t\t\t\t\t\t\t\t<\/li>\n\t\t\t\t\t\t\t\t<li class=\"elementor-icon-list-item\">\n\t\t\t\t\t\t\t\t\t\t\t<a href=\"https:\/\/inzynier.rzeszow.pl\/download\/konkursy\/Regulamin%20_Galicyjska_10%20NW_POIIB_29_05_2025.pdf\" target=\"_blank\">\n\n\t\t\t\t\t\t\t\t\t\t\t\t<span class=\"elementor-icon-list-icon\">\n\t\t\t\t\t\t\t<svg aria-hidden=\"true\" class=\"e-font-icon-svg e-fas-arrow-circle-right\" viewBox=\"0 0 512 512\" xmlns=\"http:\/\/www.w3.org\/2000\/svg\"><path d=\"M256 8c137 0 248 111 248 248S393 504 256 504 8 393 8 256 119 8 256 8zm-28.9 143.6l75.5 72.4H120c-13.3 0-24 10.7-24 24v16c0 13.3 10.7 24 24 24h182.6l-75.5 72.4c-9.7 9.3-9.9 24.8-.4 34.3l11 10.9c9.4 9.4 24.6 9.4 33.9 0L404.3 273c9.4-9.4 9.4-24.6 0-33.9L271.6 106.3c-9.4-9.4-24.6-9.4-33.9 0l-11 10.9c-9.5 9.6-9.3 25.1.4 34.4z\"><\/path><\/svg>\t\t\t\t\t\t<\/span>\n\t\t\t\t\t\t\t\t\t\t<span class=\"elementor-icon-list-text\">Regulamin I Galicyjska 10 -tka PDK OIIB<\/span>\n\t\t\t\t\t\t\t\t\t\t\t<\/a>\n\t\t\t\t\t\t\t\t\t<\/li>\n\t\t\t\t\t\t<\/ul>\n\t\t\t\t\t\t<\/div>\n\t\t\t\t\t<\/div>\n\t\t\t\t<\/div>\n\t\t<div class=\"elementor-element elementor-element-c2daf0f e-flex e-con-boxed e-con e-parent\" data-id=\"c2daf0f\" data-element_type=\"container\" data-e-type=\"container\">\n\t\t\t\t\t<div class=\"e-con-inner\">\n\t\t\t\t<div class=\"elementor-element elementor-element-315f90d elementor-widget elementor-widget-gallery\" data-id=\"315f90d\" data-element_type=\"widget\" data-e-type=\"widget\" data-settings=\"{&quot;columns&quot;:3,&quot;lazyload&quot;:&quot;yes&quot;,&quot;gallery_layout&quot;:&quot;grid&quot;,&quot;columns_tablet&quot;:2,&quot;columns_mobile&quot;:1,&quot;gap&quot;:{&quot;unit&quot;:&quot;px&quot;,&quot;size&quot;:10,&quot;sizes&quot;:[]},&quot;gap_tablet&quot;:{&quot;unit&quot;:&quot;px&quot;,&quot;size&quot;:10,&quot;sizes&quot;:[]},&quot;gap_mobile&quot;:{&quot;unit&quot;:&quot;px&quot;,&quot;size&quot;:10,&quot;sizes&quot;:[]},&quot;link_to&quot;:&quot;file&quot;,&quot;aspect_ratio&quot;:&quot;3:2&quot;,&quot;overlay_background&quot;:&quot;yes&quot;,&quot;content_hover_animation&quot;:&quot;fade-in&quot;}\" data-widget_type=\"gallery.default\">\n\t\t\t\t\t\t\t<div class=\"elementor-gallery__container\">\n\t\t\t\t\t\t\t<a class=\"e-gallery-item elementor-gallery-item elementor-animated-content\" href=\"https:\/\/inzynier.rzeszow.pl\/wp-content\/uploads\/2025\/08\/2025-07-13-galicyjska_10_1.jpg\" data-elementor-open-lightbox=\"yes\" data-elementor-lightbox-slideshow=\"315f90d\" data-e-action-hash=\"#elementor-action%3Aaction%3Dlightbox%26settings%3DeyJpZCI6MTU5NCwidXJsIjoiaHR0cHM6XC9cL2luenluaWVyLnJ6ZXN6b3cucGxcL3dwLWNvbnRlbnRcL3VwbG9hZHNcLzIwMjVcLzA4XC8yMDI1LTA3LTEzLWdhbGljeWpza2FfMTBfMS5qcGciLCJzbGlkZXNob3ciOiIzMTVmOTBkIn0%3D\">\n\t\t\t\t\t<div class=\"e-gallery-image elementor-gallery-item__image\" data-thumbnail=\"https:\/\/inzynier.rzeszow.pl\/wp-content\/uploads\/2025\/08\/2025-07-13-galicyjska_10_1-300x200.jpg\" data-width=\"300\" data-height=\"200\" aria-label=\"\" role=\"img\" ><\/div>\n\t\t\t\t\t\t\t\t\t\t\t<div class=\"elementor-gallery-item__overlay\"><\/div>\n\t\t\t\t\t\t\t\t\t\t\t\t\t\t<\/a>\n\t\t\t\t\t\t\t<a class=\"e-gallery-item elementor-gallery-item elementor-animated-content\" href=\"https:\/\/inzynier.rzeszow.pl\/wp-content\/uploads\/2025\/08\/2025-07-13-galicyjska_10_2.jpg\" data-elementor-open-lightbox=\"yes\" data-elementor-lightbox-slideshow=\"315f90d\" data-e-action-hash=\"#elementor-action%3Aaction%3Dlightbox%26settings%3DeyJpZCI6MTU5NSwidXJsIjoiaHR0cHM6XC9cL2luenluaWVyLnJ6ZXN6b3cucGxcL3dwLWNvbnRlbnRcL3VwbG9hZHNcLzIwMjVcLzA4XC8yMDI1LTA3LTEzLWdhbGljeWpza2FfMTBfMi5qcGciLCJzbGlkZXNob3ciOiIzMTVmOTBkIn0%3D\">\n\t\t\t\t\t<div class=\"e-gallery-image elementor-gallery-item__image\" data-thumbnail=\"https:\/\/inzynier.rzeszow.pl\/wp-content\/uploads\/2025\/08\/2025-07-13-galicyjska_10_2-300x200.jpg\" data-width=\"300\" data-height=\"200\" aria-label=\"\" role=\"img\" ><\/div>\n\t\t\t\t\t\t\t\t\t\t\t<div class=\"elementor-gallery-item__overlay\"><\/div>\n\t\t\t\t\t\t\t\t\t\t\t\t\t\t<\/a>\n\t\t\t\t\t\t\t<a class=\"e-gallery-item elementor-gallery-item elementor-animated-content\" href=\"https:\/\/inzynier.rzeszow.pl\/wp-content\/uploads\/2025\/08\/2025-07-13-galicyjska_10_3.jpg\" data-elementor-open-lightbox=\"yes\" data-elementor-lightbox-slideshow=\"315f90d\" data-e-action-hash=\"#elementor-action%3Aaction%3Dlightbox%26settings%3DeyJpZCI6MTU5NiwidXJsIjoiaHR0cHM6XC9cL2luenluaWVyLnJ6ZXN6b3cucGxcL3dwLWNvbnRlbnRcL3VwbG9hZHNcLzIwMjVcLzA4XC8yMDI1LTA3LTEzLWdhbGljeWpza2FfMTBfMy5qcGciLCJzbGlkZXNob3ciOiIzMTVmOTBkIn0%3D\">\n\t\t\t\t\t<div class=\"e-gallery-image elementor-gallery-item__image\" data-thumbnail=\"https:\/\/inzynier.rzeszow.pl\/wp-content\/uploads\/2025\/08\/2025-07-13-galicyjska_10_3-300x200.jpg\" data-width=\"300\" data-height=\"200\" aria-label=\"\" role=\"img\" ><\/div>\n\t\t\t\t\t\t\t\t\t\t\t<div class=\"elementor-gallery-item__overlay\"><\/div>\n\t\t\t\t\t\t\t\t\t\t\t\t\t\t<\/a>\n\t\t\t\t\t\t\t<a class=\"e-gallery-item elementor-gallery-item elementor-animated-content\" href=\"https:\/\/inzynier.rzeszow.pl\/wp-content\/uploads\/2025\/08\/2025-07-13-galicyjska_10_4.jpg\" data-elementor-open-lightbox=\"yes\" data-elementor-lightbox-slideshow=\"315f90d\" data-e-action-hash=\"#elementor-action%3Aaction%3Dlightbox%26settings%3DeyJpZCI6MTU5NywidXJsIjoiaHR0cHM6XC9cL2luenluaWVyLnJ6ZXN6b3cucGxcL3dwLWNvbnRlbnRcL3VwbG9hZHNcLzIwMjVcLzA4XC8yMDI1LTA3LTEzLWdhbGljeWpza2FfMTBfNC5qcGciLCJzbGlkZXNob3ciOiIzMTVmOTBkIn0%3D\">\n\t\t\t\t\t<div class=\"e-gallery-image elementor-gallery-item__image\" data-thumbnail=\"https:\/\/inzynier.rzeszow.pl\/wp-content\/uploads\/2025\/08\/2025-07-13-galicyjska_10_4-300x169.jpg\" data-width=\"300\" data-height=\"169\" aria-label=\"\" role=\"img\" ><\/div>\n\t\t\t\t\t\t\t\t\t\t\t<div class=\"elementor-gallery-item__overlay\"><\/div>\n\t\t\t\t\t\t\t\t\t\t\t\t\t\t<\/a>\n\t\t\t\t\t\t\t<a class=\"e-gallery-item elementor-gallery-item elementor-animated-content\" href=\"https:\/\/inzynier.rzeszow.pl\/wp-content\/uploads\/2025\/08\/Trasa_NW_7km.jpg\" data-elementor-open-lightbox=\"yes\" data-elementor-lightbox-slideshow=\"315f90d\" data-e-action-hash=\"#elementor-action%3Aaction%3Dlightbox%26settings%3DeyJpZCI6MTYwNCwidXJsIjoiaHR0cHM6XC9cL2luenluaWVyLnJ6ZXN6b3cucGxcL3dwLWNvbnRlbnRcL3VwbG9hZHNcLzIwMjVcLzA4XC9UcmFzYV9OV183a20uanBnIiwic2xpZGVzaG93IjoiMzE1ZjkwZCJ9\">\n\t\t\t\t\t<div class=\"e-gallery-image elementor-gallery-item__image\" data-thumbnail=\"https:\/\/inzynier.rzeszow.pl\/wp-content\/uploads\/2025\/08\/Trasa_NW_7km-300x300.jpg\" data-width=\"300\" data-height=\"300\" aria-label=\"\" role=\"img\" ><\/div>\n\t\t\t\t\t\t\t\t\t\t\t<div class=\"elementor-gallery-item__overlay\"><\/div>\n\t\t\t\t\t\t\t\t\t\t\t\t\t\t<\/a>\n\t\t\t\t\t\t\t<a class=\"e-gallery-item elementor-gallery-item elementor-animated-content\" href=\"https:\/\/inzynier.rzeszow.pl\/wp-content\/uploads\/2025\/08\/Trasa_10_km.jpg\" data-elementor-open-lightbox=\"yes\" data-elementor-lightbox-slideshow=\"315f90d\" data-e-action-hash=\"#elementor-action%3Aaction%3Dlightbox%26settings%3DeyJpZCI6MTYwNSwidXJsIjoiaHR0cHM6XC9cL2luenluaWVyLnJ6ZXN6b3cucGxcL3dwLWNvbnRlbnRcL3VwbG9hZHNcLzIwMjVcLzA4XC9UcmFzYV8xMF9rbS5qcGciLCJzbGlkZXNob3ciOiIzMTVmOTBkIn0%3D\">\n\t\t\t\t\t<div class=\"e-gallery-image elementor-gallery-item__image\" data-thumbnail=\"https:\/\/inzynier.rzeszow.pl\/wp-content\/uploads\/2025\/08\/Trasa_10_km-300x300.jpg\" data-width=\"300\" data-height=\"300\" aria-label=\"\" role=\"img\" ><\/div>\n\t\t\t\t\t\t\t\t\t\t\t<div class=\"elementor-gallery-item__overlay\"><\/div>\n\t\t\t\t\t\t\t\t\t\t\t\t\t\t<\/a>\n\t\t\t\t\t<\/div>\n\t\t\t\t\t<\/div>\n\t\t\t\t\t<\/div>\n\t\t\t\t<\/div>\n\t\t<div class=\"elementor-element elementor-element-16f5060 e-flex e-con-boxed e-con e-parent\" data-id=\"16f5060\" data-element_type=\"container\" data-e-type=\"container\">\n\t\t\t\t\t<div class=\"e-con-inner\">\n\t\t<div class=\"elementor-element elementor-element-e0a93f0 e-con-full e-flex e-con e-child\" data-id=\"e0a93f0\" data-element_type=\"container\" data-e-type=\"container\">\n\t\t\t\t<div class=\"elementor-element elementor-element-d1c3cd6 elementor-widget elementor-widget-image\" data-id=\"d1c3cd6\" data-element_type=\"widget\" data-e-type=\"widget\" data-widget_type=\"image.default\">\n\t\t\t\t\t\t\t\t\t\t\t\t\t\t\t<img decoding=\"async\" width=\"867\" height=\"581\" src=\"https:\/\/inzynier.rzeszow.pl\/wp-content\/uploads\/2025\/08\/Galicja_Biega.png\" class=\"attachment-large size-large wp-image-1593\" alt=\"\" srcset=\"https:\/\/inzynier.rzeszow.pl\/wp-content\/uploads\/2025\/08\/Galicja_Biega.png 867w, https:\/\/inzynier.rzeszow.pl\/wp-content\/uploads\/2025\/08\/Galicja_Biega-300x201.png 300w, https:\/\/inzynier.rzeszow.pl\/wp-content\/uploads\/2025\/08\/Galicja_Biega-768x515.png 768w\" sizes=\"(max-width: 867px) 100vw, 867px\" \/>\t\t\t\t\t\t\t\t\t\t\t\t\t\t\t<\/div>\n\t\t\t\t<\/div>\n\t\t<div class=\"elementor-element elementor-element-a8441eb e-con-full e-flex e-con e-child\" data-id=\"a8441eb\" data-element_type=\"container\" data-e-type=\"container\">\n\t\t\t\t<div class=\"elementor-element elementor-element-37c6b3d elementor-widget elementor-widget-heading\" data-id=\"37c6b3d\" data-element_type=\"widget\" data-e-type=\"widget\" data-widget_type=\"heading.default\">\n\t\t\t\t\t<h2 class=\"elementor-heading-title elementor-size-default\">ORGANIZATOR WYDARZENIA<\/h2>\t\t\t\t<\/div>\n\t\t\t\t<\/div>\n\t\t\t\t\t<\/div>\n\t\t\t\t<\/div>\n\t\t\t\t<\/div>\n\t\t","protected":false},"excerpt":{"rendered":"<p>I Galicyjska \u201e10\u2011tka\u201d Podkarpackiej Okr\u0119gowej Izby In\u017cynier\u00f3w Budownictwa odby\u0142a si\u0119 13 lipca 2025 r. w Urzejowicach, przyci\u0105gaj\u0105c biegaczy\u2011in\u017cynier\u00f3w z regionu. Wydarzenie sprzyja\u0142o promocji zdrowego stylu \u017cycia i integracji \u015brodowiska, a relacja zawiera wyniki oraz najciekawsze momenty biegu.<\/p>\n","protected":false},"author":2,"featured_media":8130,"comment_status":"closed","ping_status":"closed","sticky":false,"template":"","format":"standard","meta":{"site-sidebar-layout":"default","site-content-layout":"","ast-site-content-layout":"default","site-content-style":"default","site-sidebar-style":"default","ast-global-header-display":"","ast-banner-title-visibility":"","ast-main-header-display":"","ast-hfb-above-header-display":"","ast-hfb-below-header-display":"","ast-hfb-mobile-header-display":"","site-post-title":"","ast-breadcrumbs-content":"","ast-featured-img":"","footer-sml-layout":"","ast-disable-related-posts":"","theme-transparent-header-meta":"","adv-header-id-meta":"","stick-header-meta":"","header-above-stick-meta":"","header-main-stick-meta":"","header-below-stick-meta":"","astra-migrate-meta-layouts":"default","ast-page-background-enabled":"default","ast-page-background-meta":{"desktop":{"background-color":"var(--ast-global-color-5)","background-image":"","background-repeat":"repeat","background-position":"center center","background-size":"auto","background-attachment":"scroll","background-type":"","background-media":"","overlay-type":"","overlay-color":"","overlay-opacity":"","overlay-gradient":""},"tablet":{"background-color":"","background-image":"","background-repeat":"repeat","background-position":"center center","background-size":"auto","background-attachment":"scroll","background-type":"","background-media":"","overlay-type":"","overlay-color":"","overlay-opacity":"","overlay-gradient":""},"mobile":{"background-color":"","background-image":"","background-repeat":"repeat","background-position":"center center","background-size":"auto","background-attachment":"scroll","background-type":"","background-media":"","overlay-type":"","overlay-color":"","overlay-opacity":"","overlay-gradient":""}},"ast-content-background-meta":{"desktop":{"background-color":"var(--ast-global-color-4)","background-image":"","background-repeat":"repeat","background-position":"center center","background-size":"auto","background-attachment":"scroll","background-type":"","background-media":"","overlay-type":"","overlay-color":"","overlay-opacity":"","overlay-gradient":""},"tablet":{"background-color":"var(--ast-global-color-4)","background-image":"","background-repeat":"repeat","background-position":"center center","background-size":"auto","background-attachment":"scroll","background-type":"","background-media":"","overlay-type":"","overlay-color":"","overlay-opacity":"","overlay-gradient":""},"mobile":{"background-color":"var(--ast-global-color-4)","background-image":"","background-repeat":"repeat","background-position":"center center","background-size":"auto","background-attachment":"scroll","background-type":"","background-media":"","overlay-type":"","overlay-color":"","overlay-opacity":"","overlay-gradient":""}},"footnotes":""},"categories":[29,16],"tags":[],"class_list":["post-1585","post","type-post","status-publish","format-standard","has-post-thumbnail","hentry","category-galicyjska-10-tka-pdk-oiib","category-z-zycia-izby"],"yoast_head":"<!-- This site is optimized with the Yoast SEO plugin v27.5 - https:\/\/yoast.com\/product\/yoast-seo-wordpress\/ -->\n<title>I Galicyjska 10-tka Podkarpackiej Okr\u0119gowej Izby In\u017cynier\u00f3w Budownictwa - 13.07.2025 r., Urzejowice - Podkarpacka Okregowa Izba Inzynierow Budownictwa<\/title>\n<meta name=\"robots\" content=\"index, follow, max-snippet:-1, max-image-preview:large, max-video-preview:-1\" \/>\n<link rel=\"canonical\" href=\"https:\/\/inzynier.rzeszow.pl\/index.php\/2025\/08\/29\/i-galicyjska-10-tka-podkarpackiej-okregowej-izby-inzynierow-budownictwa-13-07-2025-r-urzejowice\/\" \/>\n<meta property=\"og:locale\" content=\"pl_PL\" \/>\n<meta property=\"og:type\" content=\"article\" \/>\n<meta property=\"og:title\" content=\"I Galicyjska 10-tka Podkarpackiej Okr\u0119gowej Izby In\u017cynier\u00f3w Budownictwa - 13.07.2025 r., Urzejowice - Podkarpacka Okregowa Izba Inzynierow Budownictwa\" \/>\n<meta property=\"og:description\" content=\"I Galicyjska \u201e10\u2011tka\u201d Podkarpackiej Okr\u0119gowej Izby In\u017cynier\u00f3w Budownictwa odby\u0142a si\u0119 13 lipca 2025 r. w Urzejowicach, przyci\u0105gaj\u0105c biegaczy\u2011in\u017cynier\u00f3w z regionu. Wydarzenie sprzyja\u0142o promocji zdrowego stylu \u017cycia i integracji \u015brodowiska, a relacja zawiera wyniki oraz najciekawsze momenty biegu.\" \/>\n<meta property=\"og:url\" content=\"https:\/\/inzynier.rzeszow.pl\/index.php\/2025\/08\/29\/i-galicyjska-10-tka-podkarpackiej-okregowej-izby-inzynierow-budownictwa-13-07-2025-r-urzejowice\/\" \/>\n<meta property=\"og:site_name\" content=\"Podkarpacka Okregowa Izba Inzynierow Budownictwa\" \/>\n<meta property=\"article:published_time\" content=\"2025-08-29T09:33:00+00:00\" \/>\n<meta property=\"article:modified_time\" content=\"2026-03-26T11:53:54+00:00\" \/>\n<meta property=\"og:image\" content=\"https:\/\/inzynier.rzeszow.pl\/wp-content\/uploads\/2025\/08\/Galicyjska-10-tka_25.webp\" \/>\n\t<meta property=\"og:image:width\" content=\"1200\" \/>\n\t<meta property=\"og:image:height\" content=\"800\" \/>\n\t<meta property=\"og:image:type\" content=\"image\/webp\" \/>\n<meta name=\"author\" content=\"Szymon Szl\u0119k\" \/>\n<meta name=\"twitter:card\" content=\"summary_large_image\" \/>\n<meta name=\"twitter:label1\" content=\"Napisane przez\" \/>\n\t<meta name=\"twitter:data1\" content=\"Szymon Szl\u0119k\" \/>\n\t<meta name=\"twitter:label2\" content=\"Szacowany czas czytania\" \/>\n\t<meta name=\"twitter:data2\" content=\"4 minuty\" \/>\n<script type=\"application\/ld+json\" class=\"yoast-schema-graph\">{\"@context\":\"https:\\\/\\\/schema.org\",\"@graph\":[{\"@type\":\"Article\",\"@id\":\"https:\\\/\\\/inzynier.rzeszow.pl\\\/index.php\\\/2025\\\/08\\\/29\\\/i-galicyjska-10-tka-podkarpackiej-okregowej-izby-inzynierow-budownictwa-13-07-2025-r-urzejowice\\\/#article\",\"isPartOf\":{\"@id\":\"https:\\\/\\\/inzynier.rzeszow.pl\\\/index.php\\\/2025\\\/08\\\/29\\\/i-galicyjska-10-tka-podkarpackiej-okregowej-izby-inzynierow-budownictwa-13-07-2025-r-urzejowice\\\/\"},\"author\":{\"name\":\"Szymon Szl\u0119k\",\"@id\":\"https:\\\/\\\/inzynier.rzeszow.pl\\\/#\\\/schema\\\/person\\\/299f9f1bff7f4c594e213fe2c543f46e\"},\"headline\":\"I Galicyjska 10-tka Podkarpackiej Okr\u0119gowej Izby In\u017cynier\u00f3w Budownictwa &#8211; 13.07.2025 r., Urzejowice\",\"datePublished\":\"2025-08-29T09:33:00+00:00\",\"dateModified\":\"2026-03-26T11:53:54+00:00\",\"mainEntityOfPage\":{\"@id\":\"https:\\\/\\\/inzynier.rzeszow.pl\\\/index.php\\\/2025\\\/08\\\/29\\\/i-galicyjska-10-tka-podkarpackiej-okregowej-izby-inzynierow-budownictwa-13-07-2025-r-urzejowice\\\/\"},\"wordCount\":507,\"image\":{\"@id\":\"https:\\\/\\\/inzynier.rzeszow.pl\\\/index.php\\\/2025\\\/08\\\/29\\\/i-galicyjska-10-tka-podkarpackiej-okregowej-izby-inzynierow-budownictwa-13-07-2025-r-urzejowice\\\/#primaryimage\"},\"thumbnailUrl\":\"https:\\\/\\\/inzynier.rzeszow.pl\\\/wp-content\\\/uploads\\\/2025\\\/08\\\/Galicyjska-10-tka_25.webp\",\"articleSection\":[\"Galicyjska 10-tka PDK OIIB\",\"Z \u017cycia izby\"],\"inLanguage\":\"pl-PL\"},{\"@type\":\"WebPage\",\"@id\":\"https:\\\/\\\/inzynier.rzeszow.pl\\\/index.php\\\/2025\\\/08\\\/29\\\/i-galicyjska-10-tka-podkarpackiej-okregowej-izby-inzynierow-budownictwa-13-07-2025-r-urzejowice\\\/\",\"url\":\"https:\\\/\\\/inzynier.rzeszow.pl\\\/index.php\\\/2025\\\/08\\\/29\\\/i-galicyjska-10-tka-podkarpackiej-okregowej-izby-inzynierow-budownictwa-13-07-2025-r-urzejowice\\\/\",\"name\":\"I Galicyjska 10-tka Podkarpackiej Okr\u0119gowej Izby In\u017cynier\u00f3w Budownictwa - 13.07.2025 r., Urzejowice - Podkarpacka Okregowa Izba Inzynierow Budownictwa\",\"isPartOf\":{\"@id\":\"https:\\\/\\\/inzynier.rzeszow.pl\\\/#website\"},\"primaryImageOfPage\":{\"@id\":\"https:\\\/\\\/inzynier.rzeszow.pl\\\/index.php\\\/2025\\\/08\\\/29\\\/i-galicyjska-10-tka-podkarpackiej-okregowej-izby-inzynierow-budownictwa-13-07-2025-r-urzejowice\\\/#primaryimage\"},\"image\":{\"@id\":\"https:\\\/\\\/inzynier.rzeszow.pl\\\/index.php\\\/2025\\\/08\\\/29\\\/i-galicyjska-10-tka-podkarpackiej-okregowej-izby-inzynierow-budownictwa-13-07-2025-r-urzejowice\\\/#primaryimage\"},\"thumbnailUrl\":\"https:\\\/\\\/inzynier.rzeszow.pl\\\/wp-content\\\/uploads\\\/2025\\\/08\\\/Galicyjska-10-tka_25.webp\",\"datePublished\":\"2025-08-29T09:33:00+00:00\",\"dateModified\":\"2026-03-26T11:53:54+00:00\",\"author\":{\"@id\":\"https:\\\/\\\/inzynier.rzeszow.pl\\\/#\\\/schema\\\/person\\\/299f9f1bff7f4c594e213fe2c543f46e\"},\"breadcrumb\":{\"@id\":\"https:\\\/\\\/inzynier.rzeszow.pl\\\/index.php\\\/2025\\\/08\\\/29\\\/i-galicyjska-10-tka-podkarpackiej-okregowej-izby-inzynierow-budownictwa-13-07-2025-r-urzejowice\\\/#breadcrumb\"},\"inLanguage\":\"pl-PL\",\"potentialAction\":[{\"@type\":\"ReadAction\",\"target\":[\"https:\\\/\\\/inzynier.rzeszow.pl\\\/index.php\\\/2025\\\/08\\\/29\\\/i-galicyjska-10-tka-podkarpackiej-okregowej-izby-inzynierow-budownictwa-13-07-2025-r-urzejowice\\\/\"]}]},{\"@type\":\"ImageObject\",\"inLanguage\":\"pl-PL\",\"@id\":\"https:\\\/\\\/inzynier.rzeszow.pl\\\/index.php\\\/2025\\\/08\\\/29\\\/i-galicyjska-10-tka-podkarpackiej-okregowej-izby-inzynierow-budownictwa-13-07-2025-r-urzejowice\\\/#primaryimage\",\"url\":\"https:\\\/\\\/inzynier.rzeszow.pl\\\/wp-content\\\/uploads\\\/2025\\\/08\\\/Galicyjska-10-tka_25.webp\",\"contentUrl\":\"https:\\\/\\\/inzynier.rzeszow.pl\\\/wp-content\\\/uploads\\\/2025\\\/08\\\/Galicyjska-10-tka_25.webp\",\"width\":1200,\"height\":800},{\"@type\":\"BreadcrumbList\",\"@id\":\"https:\\\/\\\/inzynier.rzeszow.pl\\\/index.php\\\/2025\\\/08\\\/29\\\/i-galicyjska-10-tka-podkarpackiej-okregowej-izby-inzynierow-budownictwa-13-07-2025-r-urzejowice\\\/#breadcrumb\",\"itemListElement\":[{\"@type\":\"ListItem\",\"position\":1,\"name\":\"Strona g\u0142\u00f3wna\",\"item\":\"https:\\\/\\\/inzynier.rzeszow.pl\\\/\"},{\"@type\":\"ListItem\",\"position\":2,\"name\":\"I Galicyjska 10-tka Podkarpackiej Okr\u0119gowej Izby In\u017cynier\u00f3w Budownictwa &#8211; 13.07.2025 r., Urzejowice\"}]},{\"@type\":\"WebSite\",\"@id\":\"https:\\\/\\\/inzynier.rzeszow.pl\\\/#website\",\"url\":\"https:\\\/\\\/inzynier.rzeszow.pl\\\/\",\"name\":\"Podkarpacka Okregowa Izba Inzynierow Budownictwa\",\"description\":\"\",\"potentialAction\":[{\"@type\":\"SearchAction\",\"target\":{\"@type\":\"EntryPoint\",\"urlTemplate\":\"https:\\\/\\\/inzynier.rzeszow.pl\\\/?s={search_term_string}\"},\"query-input\":{\"@type\":\"PropertyValueSpecification\",\"valueRequired\":true,\"valueName\":\"search_term_string\"}}],\"inLanguage\":\"pl-PL\"},{\"@type\":\"Person\",\"@id\":\"https:\\\/\\\/inzynier.rzeszow.pl\\\/#\\\/schema\\\/person\\\/299f9f1bff7f4c594e213fe2c543f46e\",\"name\":\"Szymon Szl\u0119k\",\"image\":{\"@type\":\"ImageObject\",\"inLanguage\":\"pl-PL\",\"@id\":\"https:\\\/\\\/secure.gravatar.com\\\/avatar\\\/80846f52287d8ee14a58895d1dec9cad94720a352b8e7b9218e21dd6f728e124?s=96&d=mm&r=g\",\"url\":\"https:\\\/\\\/secure.gravatar.com\\\/avatar\\\/80846f52287d8ee14a58895d1dec9cad94720a352b8e7b9218e21dd6f728e124?s=96&d=mm&r=g\",\"contentUrl\":\"https:\\\/\\\/secure.gravatar.com\\\/avatar\\\/80846f52287d8ee14a58895d1dec9cad94720a352b8e7b9218e21dd6f728e124?s=96&d=mm&r=g\",\"caption\":\"Szymon Szl\u0119k\"},\"url\":\"https:\\\/\\\/inzynier.rzeszow.pl\\\/index.php\\\/author\\\/sszlek\\\/\"}]}<\/script>\n<!-- \/ Yoast SEO plugin. -->","yoast_head_json":{"title":"I Galicyjska 10-tka Podkarpackiej Okr\u0119gowej Izby In\u017cynier\u00f3w Budownictwa - 13.07.2025 r., Urzejowice - Podkarpacka Okregowa Izba Inzynierow Budownictwa","robots":{"index":"index","follow":"follow","max-snippet":"max-snippet:-1","max-image-preview":"max-image-preview:large","max-video-preview":"max-video-preview:-1"},"canonical":"https:\/\/inzynier.rzeszow.pl\/index.php\/2025\/08\/29\/i-galicyjska-10-tka-podkarpackiej-okregowej-izby-inzynierow-budownictwa-13-07-2025-r-urzejowice\/","og_locale":"pl_PL","og_type":"article","og_title":"I Galicyjska 10-tka Podkarpackiej Okr\u0119gowej Izby In\u017cynier\u00f3w Budownictwa - 13.07.2025 r., Urzejowice - Podkarpacka Okregowa Izba Inzynierow Budownictwa","og_description":"I Galicyjska \u201e10\u2011tka\u201d Podkarpackiej Okr\u0119gowej Izby In\u017cynier\u00f3w Budownictwa odby\u0142a si\u0119 13 lipca 2025 r. w Urzejowicach, przyci\u0105gaj\u0105c biegaczy\u2011in\u017cynier\u00f3w z regionu. Wydarzenie sprzyja\u0142o promocji zdrowego stylu \u017cycia i integracji \u015brodowiska, a relacja zawiera wyniki oraz najciekawsze momenty biegu.","og_url":"https:\/\/inzynier.rzeszow.pl\/index.php\/2025\/08\/29\/i-galicyjska-10-tka-podkarpackiej-okregowej-izby-inzynierow-budownictwa-13-07-2025-r-urzejowice\/","og_site_name":"Podkarpacka Okregowa Izba Inzynierow Budownictwa","article_published_time":"2025-08-29T09:33:00+00:00","article_modified_time":"2026-03-26T11:53:54+00:00","og_image":[{"width":1200,"height":800,"url":"https:\/\/inzynier.rzeszow.pl\/wp-content\/uploads\/2025\/08\/Galicyjska-10-tka_25.webp","type":"image\/webp"}],"author":"Szymon Szl\u0119k","twitter_card":"summary_large_image","twitter_misc":{"Napisane przez":"Szymon Szl\u0119k","Szacowany czas czytania":"4 minuty"},"schema":{"@context":"https:\/\/schema.org","@graph":[{"@type":"Article","@id":"https:\/\/inzynier.rzeszow.pl\/index.php\/2025\/08\/29\/i-galicyjska-10-tka-podkarpackiej-okregowej-izby-inzynierow-budownictwa-13-07-2025-r-urzejowice\/#article","isPartOf":{"@id":"https:\/\/inzynier.rzeszow.pl\/index.php\/2025\/08\/29\/i-galicyjska-10-tka-podkarpackiej-okregowej-izby-inzynierow-budownictwa-13-07-2025-r-urzejowice\/"},"author":{"name":"Szymon Szl\u0119k","@id":"https:\/\/inzynier.rzeszow.pl\/#\/schema\/person\/299f9f1bff7f4c594e213fe2c543f46e"},"headline":"I Galicyjska 10-tka Podkarpackiej Okr\u0119gowej Izby In\u017cynier\u00f3w Budownictwa &#8211; 13.07.2025 r., Urzejowice","datePublished":"2025-08-29T09:33:00+00:00","dateModified":"2026-03-26T11:53:54+00:00","mainEntityOfPage":{"@id":"https:\/\/inzynier.rzeszow.pl\/index.php\/2025\/08\/29\/i-galicyjska-10-tka-podkarpackiej-okregowej-izby-inzynierow-budownictwa-13-07-2025-r-urzejowice\/"},"wordCount":507,"image":{"@id":"https:\/\/inzynier.rzeszow.pl\/index.php\/2025\/08\/29\/i-galicyjska-10-tka-podkarpackiej-okregowej-izby-inzynierow-budownictwa-13-07-2025-r-urzejowice\/#primaryimage"},"thumbnailUrl":"https:\/\/inzynier.rzeszow.pl\/wp-content\/uploads\/2025\/08\/Galicyjska-10-tka_25.webp","articleSection":["Galicyjska 10-tka PDK OIIB","Z \u017cycia izby"],"inLanguage":"pl-PL"},{"@type":"WebPage","@id":"https:\/\/inzynier.rzeszow.pl\/index.php\/2025\/08\/29\/i-galicyjska-10-tka-podkarpackiej-okregowej-izby-inzynierow-budownictwa-13-07-2025-r-urzejowice\/","url":"https:\/\/inzynier.rzeszow.pl\/index.php\/2025\/08\/29\/i-galicyjska-10-tka-podkarpackiej-okregowej-izby-inzynierow-budownictwa-13-07-2025-r-urzejowice\/","name":"I Galicyjska 10-tka Podkarpackiej Okr\u0119gowej Izby In\u017cynier\u00f3w Budownictwa - 13.07.2025 r., Urzejowice - Podkarpacka Okregowa Izba Inzynierow Budownictwa","isPartOf":{"@id":"https:\/\/inzynier.rzeszow.pl\/#website"},"primaryImageOfPage":{"@id":"https:\/\/inzynier.rzeszow.pl\/index.php\/2025\/08\/29\/i-galicyjska-10-tka-podkarpackiej-okregowej-izby-inzynierow-budownictwa-13-07-2025-r-urzejowice\/#primaryimage"},"image":{"@id":"https:\/\/inzynier.rzeszow.pl\/index.php\/2025\/08\/29\/i-galicyjska-10-tka-podkarpackiej-okregowej-izby-inzynierow-budownictwa-13-07-2025-r-urzejowice\/#primaryimage"},"thumbnailUrl":"https:\/\/inzynier.rzeszow.pl\/wp-content\/uploads\/2025\/08\/Galicyjska-10-tka_25.webp","datePublished":"2025-08-29T09:33:00+00:00","dateModified":"2026-03-26T11:53:54+00:00","author":{"@id":"https:\/\/inzynier.rzeszow.pl\/#\/schema\/person\/299f9f1bff7f4c594e213fe2c543f46e"},"breadcrumb":{"@id":"https:\/\/inzynier.rzeszow.pl\/index.php\/2025\/08\/29\/i-galicyjska-10-tka-podkarpackiej-okregowej-izby-inzynierow-budownictwa-13-07-2025-r-urzejowice\/#breadcrumb"},"inLanguage":"pl-PL","potentialAction":[{"@type":"ReadAction","target":["https:\/\/inzynier.rzeszow.pl\/index.php\/2025\/08\/29\/i-galicyjska-10-tka-podkarpackiej-okregowej-izby-inzynierow-budownictwa-13-07-2025-r-urzejowice\/"]}]},{"@type":"ImageObject","inLanguage":"pl-PL","@id":"https:\/\/inzynier.rzeszow.pl\/index.php\/2025\/08\/29\/i-galicyjska-10-tka-podkarpackiej-okregowej-izby-inzynierow-budownictwa-13-07-2025-r-urzejowice\/#primaryimage","url":"https:\/\/inzynier.rzeszow.pl\/wp-content\/uploads\/2025\/08\/Galicyjska-10-tka_25.webp","contentUrl":"https:\/\/inzynier.rzeszow.pl\/wp-content\/uploads\/2025\/08\/Galicyjska-10-tka_25.webp","width":1200,"height":800},{"@type":"BreadcrumbList","@id":"https:\/\/inzynier.rzeszow.pl\/index.php\/2025\/08\/29\/i-galicyjska-10-tka-podkarpackiej-okregowej-izby-inzynierow-budownictwa-13-07-2025-r-urzejowice\/#breadcrumb","itemListElement":[{"@type":"ListItem","position":1,"name":"Strona g\u0142\u00f3wna","item":"https:\/\/inzynier.rzeszow.pl\/"},{"@type":"ListItem","position":2,"name":"I Galicyjska 10-tka Podkarpackiej Okr\u0119gowej Izby In\u017cynier\u00f3w Budownictwa &#8211; 13.07.2025 r., Urzejowice"}]},{"@type":"WebSite","@id":"https:\/\/inzynier.rzeszow.pl\/#website","url":"https:\/\/inzynier.rzeszow.pl\/","name":"Podkarpacka Okregowa Izba Inzynierow Budownictwa","description":"","potentialAction":[{"@type":"SearchAction","target":{"@type":"EntryPoint","urlTemplate":"https:\/\/inzynier.rzeszow.pl\/?s={search_term_string}"},"query-input":{"@type":"PropertyValueSpecification","valueRequired":true,"valueName":"search_term_string"}}],"inLanguage":"pl-PL"},{"@type":"Person","@id":"https:\/\/inzynier.rzeszow.pl\/#\/schema\/person\/299f9f1bff7f4c594e213fe2c543f46e","name":"Szymon Szl\u0119k","image":{"@type":"ImageObject","inLanguage":"pl-PL","@id":"https:\/\/secure.gravatar.com\/avatar\/80846f52287d8ee14a58895d1dec9cad94720a352b8e7b9218e21dd6f728e124?s=96&d=mm&r=g","url":"https:\/\/secure.gravatar.com\/avatar\/80846f52287d8ee14a58895d1dec9cad94720a352b8e7b9218e21dd6f728e124?s=96&d=mm&r=g","contentUrl":"https:\/\/secure.gravatar.com\/avatar\/80846f52287d8ee14a58895d1dec9cad94720a352b8e7b9218e21dd6f728e124?s=96&d=mm&r=g","caption":"Szymon Szl\u0119k"},"url":"https:\/\/inzynier.rzeszow.pl\/index.php\/author\/sszlek\/"}]}},"rttpg_featured_image_url":{"full":["https:\/\/inzynier.rzeszow.pl\/wp-content\/uploads\/2025\/08\/Galicyjska-10-tka_25.webp",1200,800,false],"landscape":["https:\/\/inzynier.rzeszow.pl\/wp-content\/uploads\/2025\/08\/Galicyjska-10-tka_25.webp",1200,800,false],"portraits":["https:\/\/inzynier.rzeszow.pl\/wp-content\/uploads\/2025\/08\/Galicyjska-10-tka_25.webp",1200,800,false],"thumbnail":["https:\/\/inzynier.rzeszow.pl\/wp-content\/uploads\/2025\/08\/Galicyjska-10-tka_25-150x150.png",150,150,true],"medium":["https:\/\/inzynier.rzeszow.pl\/wp-content\/uploads\/2025\/08\/Galicyjska-10-tka_25-300x200.png",300,200,true],"large":["https:\/\/inzynier.rzeszow.pl\/wp-content\/uploads\/2025\/08\/Galicyjska-10-tka_25-1024x683.webp",1024,683,true],"1536x1536":["https:\/\/inzynier.rzeszow.pl\/wp-content\/uploads\/2025\/08\/Galicyjska-10-tka_25.webp",1200,800,false],"2048x2048":["https:\/\/inzynier.rzeszow.pl\/wp-content\/uploads\/2025\/08\/Galicyjska-10-tka_25.webp",1200,800,false]},"rttpg_author":{"display_name":"Szymon Szl\u0119k","author_link":"https:\/\/inzynier.rzeszow.pl\/index.php\/author\/sszlek\/"},"rttpg_comment":0,"rttpg_category":"<a href=\"https:\/\/inzynier.rzeszow.pl\/index.php\/category\/konkursy-pdk-oiib\/galicyjska-10-tka-pdk-oiib\/\" rel=\"category tag\">Galicyjska 10-tka PDK OIIB<\/a> <a href=\"https:\/\/inzynier.rzeszow.pl\/index.php\/category\/z-zycia-izby\/\" rel=\"category tag\">Z \u017cycia izby<\/a>","rttpg_excerpt":"I Galicyjska \u201e10\u2011tka\u201d Podkarpackiej Okr\u0119gowej Izby In\u017cynier\u00f3w Budownictwa odby\u0142a si\u0119 13 lipca 2025 r. w Urzejowicach, przyci\u0105gaj\u0105c biegaczy\u2011in\u017cynier\u00f3w z regionu. Wydarzenie sprzyja\u0142o promocji zdrowego stylu \u017cycia i integracji \u015brodowiska, a relacja zawiera wyniki oraz najciekawsze momenty biegu.","_links":{"self":[{"href":"https:\/\/inzynier.rzeszow.pl\/index.php\/wp-json\/wp\/v2\/posts\/1585","targetHints":{"allow":["GET"]}}],"collection":[{"href":"https:\/\/inzynier.rzeszow.pl\/index.php\/wp-json\/wp\/v2\/posts"}],"about":[{"href":"https:\/\/inzynier.rzeszow.pl\/index.php\/wp-json\/wp\/v2\/types\/post"}],"author":[{"embeddable":true,"href":"https:\/\/inzynier.rzeszow.pl\/index.php\/wp-json\/wp\/v2\/users\/2"}],"replies":[{"embeddable":true,"href":"https:\/\/inzynier.rzeszow.pl\/index.php\/wp-json\/wp\/v2\/comments?post=1585"}],"version-history":[{"count":16,"href":"https:\/\/inzynier.rzeszow.pl\/index.php\/wp-json\/wp\/v2\/posts\/1585\/revisions"}],"predecessor-version":[{"id":8138,"href":"https:\/\/inzynier.rzeszow.pl\/index.php\/wp-json\/wp\/v2\/posts\/1585\/revisions\/8138"}],"wp:featuredmedia":[{"embeddable":true,"href":"https:\/\/inzynier.rzeszow.pl\/index.php\/wp-json\/wp\/v2\/media\/8130"}],"wp:attachment":[{"href":"https:\/\/inzynier.rzeszow.pl\/index.php\/wp-json\/wp\/v2\/media?parent=1585"}],"wp:term":[{"taxonomy":"category","embeddable":true,"href":"https:\/\/inzynier.rzeszow.pl\/index.php\/wp-json\/wp\/v2\/categories?post=1585"},{"taxonomy":"post_tag","embeddable":true,"href":"https:\/\/inzynier.rzeszow.pl\/index.php\/wp-json\/wp\/v2\/tags?post=1585"}],"curies":[{"name":"wp","href":"https:\/\/api.w.org\/{rel}","templated":true}]}}