{"id":1547,"date":"2025-12-29T09:14:41","date_gmt":"2025-12-29T09:14:41","guid":{"rendered":"https:\/\/migracja.inzynier.rzeszow.pl\/?p=1547"},"modified":"2026-03-14T11:22:56","modified_gmt":"2026-03-14T11:22:56","slug":"rozstrzygniecie-konkursu-plastycznego-kartka-swiateczna-wielkanocna-2025-2","status":"publish","type":"post","link":"https:\/\/inzynier.rzeszow.pl\/index.php\/2025\/12\/29\/rozstrzygniecie-konkursu-plastycznego-kartka-swiateczna-wielkanocna-2025-2\/","title":{"rendered":"Rozstrzygni\u0119cie konkursu plastycznego Kartka \u015bwi\u0105teczna Wielkanocna &#8211; 2025"},"content":{"rendered":"\t\t<div data-elementor-type=\"wp-post\" data-elementor-id=\"1547\" class=\"elementor elementor-1547\" data-elementor-post-type=\"post\">\n\t\t\t\t<div class=\"elementor-element elementor-element-a86bb8d e-flex e-con-boxed e-con e-parent\" data-id=\"a86bb8d\" data-element_type=\"container\" data-e-type=\"container\">\n\t\t\t\t\t<div class=\"e-con-inner\">\n\t\t<div class=\"elementor-element elementor-element-410f3d0 e-con-full e-flex e-con e-child\" data-id=\"410f3d0\" data-element_type=\"container\" data-e-type=\"container\">\n\t\t<div class=\"elementor-element elementor-element-0161690 e-con-full e-flex e-con e-child\" data-id=\"0161690\" data-element_type=\"container\" data-e-type=\"container\">\n\t\t\t\t<div class=\"elementor-element elementor-element-833a258 elementor-widget elementor-widget-image\" data-id=\"833a258\" data-element_type=\"widget\" data-e-type=\"widget\" data-widget_type=\"image.default\">\n\t\t\t\t\t\t\t\t\t\t\t\t\t\t\t<img fetchpriority=\"high\" decoding=\"async\" width=\"724\" height=\"1024\" src=\"https:\/\/inzynier.rzeszow.pl\/wp-content\/uploads\/2025\/12\/2025-04-11_Anna_kartka_wielkanoc_25-724x1024.jpg\" class=\"attachment-large size-large wp-image-1548\" alt=\"\" srcset=\"https:\/\/inzynier.rzeszow.pl\/wp-content\/uploads\/2025\/12\/2025-04-11_Anna_kartka_wielkanoc_25-724x1024.jpg 724w, https:\/\/inzynier.rzeszow.pl\/wp-content\/uploads\/2025\/12\/2025-04-11_Anna_kartka_wielkanoc_25-212x300.jpg 212w, https:\/\/inzynier.rzeszow.pl\/wp-content\/uploads\/2025\/12\/2025-04-11_Anna_kartka_wielkanoc_25-768x1086.jpg 768w, https:\/\/inzynier.rzeszow.pl\/wp-content\/uploads\/2025\/12\/2025-04-11_Anna_kartka_wielkanoc_25-1086x1536.jpg 1086w, https:\/\/inzynier.rzeszow.pl\/wp-content\/uploads\/2025\/12\/2025-04-11_Anna_kartka_wielkanoc_25-1448x2048.jpg 1448w, https:\/\/inzynier.rzeszow.pl\/wp-content\/uploads\/2025\/12\/2025-04-11_Anna_kartka_wielkanoc_25.jpg 1653w\" sizes=\"(max-width: 724px) 100vw, 724px\" \/>\t\t\t\t\t\t\t\t\t\t\t\t\t\t\t<\/div>\n\t\t\t\t<\/div>\n\t\t<div class=\"elementor-element elementor-element-ba0eba7 e-con-full e-flex e-con e-child\" data-id=\"ba0eba7\" data-element_type=\"container\" data-e-type=\"container\">\n\t\t\t\t<div class=\"elementor-element elementor-element-43c5e2f elementor-widget elementor-widget-text-editor\" data-id=\"43c5e2f\" data-element_type=\"widget\" data-e-type=\"widget\" data-widget_type=\"text-editor.default\">\n\t\t\t\t\t\t\t\t\t<p>Tegoroczna edycja konkursu plastycznego pt. \u201eKartka \u015awi\u0105teczna Wielkanocna&#8221;, zorganizowanego przez Podkarpack\u0105 Okr\u0119gow\u0105 Izb\u0119 In\u017cynier\u00f3w Budownictwa, cieszy\u0142a si\u0119 bardzo du\u017cym zainteresowaniem ma\u0142ych artyst\u00f3w. Konkurs zaadresowany by\u0142 do Pociech (Dzieci, Wnucz\u0105t) cz\u0142onk\u00f3w Podkarpackiej Okr\u0119gowej Izby In\u017cynier\u00f3w Budownictwa. Nap\u0142yn\u0119\u0142o wiele ciekawych prac, a wyboru najlepszego dzie\u0142a dokona\u0142a Kapitu\u0142a Konkursowa. By\u0142o to wyj\u0105tkowo trudne zadanie, gdy\u017c wszystkie prace s\u0105 wyj\u0105tkowe, pomys\u0142owe i godne podziwu.<\/p><p>Laureat Konkursu \u201eKartka \u015bwi\u0105teczna Wielkanocna&#8221; otrzyma nagrod\u0119 rzeczow\u0105.<\/p><p>Wszystkim ma\u0142ym artystom dzi\u0119kujemy za udzia\u0142 w konkursie. Serdecznie gratulujemy zwyci\u0119zcy wyr\u00f3\u017cnionej pracy.<br \/>Nagrodzony rysunek zostanie wydrukowany, jako tegoroczna kartka \u015bwi\u0105teczna Podkarpackiej Okr\u0119gowej Izby In\u017cynier\u00f3w Budownictwa.<\/p><p><strong>Oto nagrodzone dzie\u0142o, kt\u00f3rego autorem jest Anna &#8211; 8 lat.<\/strong><\/p>\t\t\t\t\t\t\t\t<\/div>\n\t\t\t\t<div class=\"elementor-element elementor-element-683844e elementor-widget__width-inherit elementor-icon-list--layout-traditional elementor-list-item-link-full_width elementor-widget elementor-widget-icon-list\" data-id=\"683844e\" data-element_type=\"widget\" data-e-type=\"widget\" data-widget_type=\"icon-list.default\">\n\t\t\t\t\t\t\t<ul class=\"elementor-icon-list-items\">\n\t\t\t\t\t\t\t<li class=\"elementor-icon-list-item\">\n\t\t\t\t\t\t\t\t\t\t\t<a href=\"https:\/\/www.facebook.com\/media\/set\/?vanity=PodkarpackaOIIB&#038;set=a.1098777272287339\" target=\"_blank\">\n\n\t\t\t\t\t\t\t\t\t\t\t\t<span class=\"elementor-icon-list-icon\">\n\t\t\t\t\t\t\t<svg aria-hidden=\"true\" class=\"e-font-icon-svg e-fas-arrow-circle-right\" viewBox=\"0 0 512 512\" xmlns=\"http:\/\/www.w3.org\/2000\/svg\"><path d=\"M256 8c137 0 248 111 248 248S393 504 256 504 8 393 8 256 119 8 256 8zm-28.9 143.6l75.5 72.4H120c-13.3 0-24 10.7-24 24v16c0 13.3 10.7 24 24 24h182.6l-75.5 72.4c-9.7 9.3-9.9 24.8-.4 34.3l11 10.9c9.4 9.4 24.6 9.4 33.9 0L404.3 273c9.4-9.4 9.4-24.6 0-33.9L271.6 106.3c-9.4-9.4-24.6-9.4-33.9 0l-11 10.9c-9.5 9.6-9.3 25.1.4 34.4z\"><\/path><\/svg>\t\t\t\t\t\t<\/span>\n\t\t\t\t\t\t\t\t\t\t<span class=\"elementor-icon-list-text\">Wszystkie prace przes\u0142ane na konkurs plastyczny<\/span>\n\t\t\t\t\t\t\t\t\t\t\t<\/a>\n\t\t\t\t\t\t\t\t\t<\/li>\n\t\t\t\t\t\t\t\t<li class=\"elementor-icon-list-item\">\n\t\t\t\t\t\t\t\t\t\t\t<a href=\"https:\/\/inzynier.rzeszow.pl\/index.php?&#038;sRC=N&#038;pageTarget=article&#038;AIndex=R_KW25\" target=\"_blank\">\n\n\t\t\t\t\t\t\t\t\t\t\t\t<span class=\"elementor-icon-list-icon\">\n\t\t\t\t\t\t\t<svg aria-hidden=\"true\" class=\"e-font-icon-svg e-fas-arrow-circle-right\" viewBox=\"0 0 512 512\" xmlns=\"http:\/\/www.w3.org\/2000\/svg\"><path d=\"M256 8c137 0 248 111 248 248S393 504 256 504 8 393 8 256 119 8 256 8zm-28.9 143.6l75.5 72.4H120c-13.3 0-24 10.7-24 24v16c0 13.3 10.7 24 24 24h182.6l-75.5 72.4c-9.7 9.3-9.9 24.8-.4 34.3l11 10.9c9.4 9.4 24.6 9.4 33.9 0L404.3 273c9.4-9.4 9.4-24.6 0-33.9L271.6 106.3c-9.4-9.4-24.6-9.4-33.9 0l-11 10.9c-9.5 9.6-9.3 25.1.4 34.4z\"><\/path><\/svg>\t\t\t\t\t\t<\/span>\n\t\t\t\t\t\t\t\t\t\t<span class=\"elementor-icon-list-text\">Szczeg\u00f3\u0142owy Regulamin konkursu pt. Kartka \u015bwi\u0105teczna Wielkanocna<\/span>\n\t\t\t\t\t\t\t\t\t\t\t<\/a>\n\t\t\t\t\t\t\t\t\t<\/li>\n\t\t\t\t\t\t<\/ul>\n\t\t\t\t\t\t<\/div>\n\t\t\t\t<\/div>\n\t\t\t\t<\/div>\n\t\t\t\t\t<\/div>\n\t\t\t\t<\/div>\n\t\t\t\t<\/div>\n\t\t","protected":false},"excerpt":{"rendered":"<p>Zapraszamy wszystkie dzieci i wnucz\u0119ta cz\u0142onk\u00f3w Podkarpackiej Okr\u0119gowej Izby In\u017cynier\u00f3w Budownictwa do udzia\u0142u w tegorocznej edycji konkursu plastycznego pt. \u201eKartka \u015bwi\u0105teczna Wielkanocna \u2013 2025\u201d! To wspania\u0142a okazja, by rozwija\u0107 artystyczne pasje i wsp\u00f3lnie wprowadzi\u0107 si\u0119 w radosny klimat nadchodz\u0105cej Wielkanocy. Czekamy na prace wykonane samodzielnie przez m\u0142odych tw\u00f3rc\u00f3w w wieku od 3 do 12 lat, a na autora najpi\u0119kniejszego dzie\u0142a czeka atrakcyjna nagroda rzeczowa! Zach\u0119camy do kreatywnej zabawy i podj\u0119cia tego artystycznego wyzwania. Sprawd\u017acie dok\u0142adne informacje o terminach <\/p>\n","protected":false},"author":2,"featured_media":1548,"comment_status":"closed","ping_status":"closed","sticky":false,"template":"","format":"standard","meta":{"site-sidebar-layout":"default","site-content-layout":"","ast-site-content-layout":"default","site-content-style":"default","site-sidebar-style":"default","ast-global-header-display":"","ast-banner-title-visibility":"","ast-main-header-display":"","ast-hfb-above-header-display":"","ast-hfb-below-header-display":"","ast-hfb-mobile-header-display":"","site-post-title":"","ast-breadcrumbs-content":"","ast-featured-img":"","footer-sml-layout":"","ast-disable-related-posts":"","theme-transparent-header-meta":"","adv-header-id-meta":"","stick-header-meta":"","header-above-stick-meta":"","header-main-stick-meta":"","header-below-stick-meta":"","astra-migrate-meta-layouts":"default","ast-page-background-enabled":"default","ast-page-background-meta":{"desktop":{"background-color":"var(--ast-global-color-5)","background-image":"","background-repeat":"repeat","background-position":"center center","background-size":"auto","background-attachment":"scroll","background-type":"","background-media":"","overlay-type":"","overlay-color":"","overlay-opacity":"","overlay-gradient":""},"tablet":{"background-color":"","background-image":"","background-repeat":"repeat","background-position":"center center","background-size":"auto","background-attachment":"scroll","background-type":"","background-media":"","overlay-type":"","overlay-color":"","overlay-opacity":"","overlay-gradient":""},"mobile":{"background-color":"","background-image":"","background-repeat":"repeat","background-position":"center center","background-size":"auto","background-attachment":"scroll","background-type":"","background-media":"","overlay-type":"","overlay-color":"","overlay-opacity":"","overlay-gradient":""}},"ast-content-background-meta":{"desktop":{"background-color":"var(--ast-global-color-4)","background-image":"","background-repeat":"repeat","background-position":"center center","background-size":"auto","background-attachment":"scroll","background-type":"","background-media":"","overlay-type":"","overlay-color":"","overlay-opacity":"","overlay-gradient":""},"tablet":{"background-color":"var(--ast-global-color-4)","background-image":"","background-repeat":"repeat","background-position":"center center","background-size":"auto","background-attachment":"scroll","background-type":"","background-media":"","overlay-type":"","overlay-color":"","overlay-opacity":"","overlay-gradient":""},"mobile":{"background-color":"var(--ast-global-color-4)","background-image":"","background-repeat":"repeat","background-position":"center center","background-size":"auto","background-attachment":"scroll","background-type":"","background-media":"","overlay-type":"","overlay-color":"","overlay-opacity":"","overlay-gradient":""}},"footnotes":""},"categories":[25,16],"tags":[],"class_list":["post-1547","post","type-post","status-publish","format-standard","has-post-thumbnail","hentry","category-kartka-swiateczna-wielkanocna","category-z-zycia-izby"],"yoast_head":"<!-- This site is optimized with the Yoast SEO plugin v27.5 - https:\/\/yoast.com\/product\/yoast-seo-wordpress\/ -->\n<title>Rozstrzygni\u0119cie konkursu plastycznego Kartka \u015bwi\u0105teczna Wielkanocna - 2025 - Podkarpacka Okregowa Izba Inzynierow Budownictwa<\/title>\n<meta name=\"robots\" content=\"index, follow, max-snippet:-1, max-image-preview:large, max-video-preview:-1\" \/>\n<link rel=\"canonical\" href=\"https:\/\/inzynier.rzeszow.pl\/index.php\/2025\/12\/29\/rozstrzygniecie-konkursu-plastycznego-kartka-swiateczna-wielkanocna-2025-2\/\" \/>\n<meta property=\"og:locale\" content=\"pl_PL\" \/>\n<meta property=\"og:type\" content=\"article\" \/>\n<meta property=\"og:title\" content=\"Rozstrzygni\u0119cie konkursu plastycznego Kartka \u015bwi\u0105teczna Wielkanocna - 2025 - Podkarpacka Okregowa Izba Inzynierow Budownictwa\" \/>\n<meta property=\"og:description\" content=\"Zapraszamy wszystkie dzieci i wnucz\u0119ta cz\u0142onk\u00f3w Podkarpackiej Okr\u0119gowej Izby In\u017cynier\u00f3w Budownictwa do udzia\u0142u w tegorocznej edycji konkursu plastycznego pt. \u201eKartka \u015bwi\u0105teczna Wielkanocna \u2013 2025\u201d! To wspania\u0142a okazja, by rozwija\u0107 artystyczne pasje i wsp\u00f3lnie wprowadzi\u0107 si\u0119 w radosny klimat nadchodz\u0105cej Wielkanocy. Czekamy na prace wykonane samodzielnie przez m\u0142odych tw\u00f3rc\u00f3w w wieku od 3 do 12 lat, a na autora najpi\u0119kniejszego dzie\u0142a czeka atrakcyjna nagroda rzeczowa! Zach\u0119camy do kreatywnej zabawy i podj\u0119cia tego artystycznego wyzwania. Sprawd\u017acie dok\u0142adne informacje o terminach\" \/>\n<meta property=\"og:url\" content=\"https:\/\/inzynier.rzeszow.pl\/index.php\/2025\/12\/29\/rozstrzygniecie-konkursu-plastycznego-kartka-swiateczna-wielkanocna-2025-2\/\" \/>\n<meta property=\"og:site_name\" content=\"Podkarpacka Okregowa Izba Inzynierow Budownictwa\" \/>\n<meta property=\"article:published_time\" content=\"2025-12-29T09:14:41+00:00\" \/>\n<meta property=\"article:modified_time\" content=\"2026-03-14T11:22:56+00:00\" \/>\n<meta property=\"og:image\" content=\"https:\/\/inzynier.rzeszow.pl\/wp-content\/uploads\/2025\/12\/2025-04-11_Anna_kartka_wielkanoc_25.jpg\" \/>\n\t<meta property=\"og:image:width\" content=\"1653\" \/>\n\t<meta property=\"og:image:height\" content=\"2338\" \/>\n\t<meta property=\"og:image:type\" content=\"image\/jpeg\" \/>\n<meta name=\"author\" content=\"Szymon Szl\u0119k\" \/>\n<meta name=\"twitter:card\" content=\"summary_large_image\" \/>\n<meta name=\"twitter:label1\" content=\"Napisane przez\" \/>\n\t<meta name=\"twitter:data1\" content=\"Szymon Szl\u0119k\" \/>\n\t<meta name=\"twitter:label2\" content=\"Szacowany czas czytania\" \/>\n\t<meta name=\"twitter:data2\" content=\"2 minuty\" \/>\n<script type=\"application\/ld+json\" class=\"yoast-schema-graph\">{\"@context\":\"https:\\\/\\\/schema.org\",\"@graph\":[{\"@type\":\"Article\",\"@id\":\"https:\\\/\\\/inzynier.rzeszow.pl\\\/index.php\\\/2025\\\/12\\\/29\\\/rozstrzygniecie-konkursu-plastycznego-kartka-swiateczna-wielkanocna-2025-2\\\/#article\",\"isPartOf\":{\"@id\":\"https:\\\/\\\/inzynier.rzeszow.pl\\\/index.php\\\/2025\\\/12\\\/29\\\/rozstrzygniecie-konkursu-plastycznego-kartka-swiateczna-wielkanocna-2025-2\\\/\"},\"author\":{\"name\":\"Szymon Szl\u0119k\",\"@id\":\"https:\\\/\\\/inzynier.rzeszow.pl\\\/#\\\/schema\\\/person\\\/299f9f1bff7f4c594e213fe2c543f46e\"},\"headline\":\"Rozstrzygni\u0119cie konkursu plastycznego Kartka \u015bwi\u0105teczna Wielkanocna &#8211; 2025\",\"datePublished\":\"2025-12-29T09:14:41+00:00\",\"dateModified\":\"2026-03-14T11:22:56+00:00\",\"mainEntityOfPage\":{\"@id\":\"https:\\\/\\\/inzynier.rzeszow.pl\\\/index.php\\\/2025\\\/12\\\/29\\\/rozstrzygniecie-konkursu-plastycznego-kartka-swiateczna-wielkanocna-2025-2\\\/\"},\"wordCount\":162,\"image\":{\"@id\":\"https:\\\/\\\/inzynier.rzeszow.pl\\\/index.php\\\/2025\\\/12\\\/29\\\/rozstrzygniecie-konkursu-plastycznego-kartka-swiateczna-wielkanocna-2025-2\\\/#primaryimage\"},\"thumbnailUrl\":\"https:\\\/\\\/inzynier.rzeszow.pl\\\/wp-content\\\/uploads\\\/2025\\\/12\\\/2025-04-11_Anna_kartka_wielkanoc_25.jpg\",\"articleSection\":[\"Kartka \u015bwi\u0105teczna Wielkanocna\",\"Z \u017cycia izby\"],\"inLanguage\":\"pl-PL\"},{\"@type\":\"WebPage\",\"@id\":\"https:\\\/\\\/inzynier.rzeszow.pl\\\/index.php\\\/2025\\\/12\\\/29\\\/rozstrzygniecie-konkursu-plastycznego-kartka-swiateczna-wielkanocna-2025-2\\\/\",\"url\":\"https:\\\/\\\/inzynier.rzeszow.pl\\\/index.php\\\/2025\\\/12\\\/29\\\/rozstrzygniecie-konkursu-plastycznego-kartka-swiateczna-wielkanocna-2025-2\\\/\",\"name\":\"Rozstrzygni\u0119cie konkursu plastycznego Kartka \u015bwi\u0105teczna Wielkanocna - 2025 - Podkarpacka Okregowa Izba Inzynierow Budownictwa\",\"isPartOf\":{\"@id\":\"https:\\\/\\\/inzynier.rzeszow.pl\\\/#website\"},\"primaryImageOfPage\":{\"@id\":\"https:\\\/\\\/inzynier.rzeszow.pl\\\/index.php\\\/2025\\\/12\\\/29\\\/rozstrzygniecie-konkursu-plastycznego-kartka-swiateczna-wielkanocna-2025-2\\\/#primaryimage\"},\"image\":{\"@id\":\"https:\\\/\\\/inzynier.rzeszow.pl\\\/index.php\\\/2025\\\/12\\\/29\\\/rozstrzygniecie-konkursu-plastycznego-kartka-swiateczna-wielkanocna-2025-2\\\/#primaryimage\"},\"thumbnailUrl\":\"https:\\\/\\\/inzynier.rzeszow.pl\\\/wp-content\\\/uploads\\\/2025\\\/12\\\/2025-04-11_Anna_kartka_wielkanoc_25.jpg\",\"datePublished\":\"2025-12-29T09:14:41+00:00\",\"dateModified\":\"2026-03-14T11:22:56+00:00\",\"author\":{\"@id\":\"https:\\\/\\\/inzynier.rzeszow.pl\\\/#\\\/schema\\\/person\\\/299f9f1bff7f4c594e213fe2c543f46e\"},\"breadcrumb\":{\"@id\":\"https:\\\/\\\/inzynier.rzeszow.pl\\\/index.php\\\/2025\\\/12\\\/29\\\/rozstrzygniecie-konkursu-plastycznego-kartka-swiateczna-wielkanocna-2025-2\\\/#breadcrumb\"},\"inLanguage\":\"pl-PL\",\"potentialAction\":[{\"@type\":\"ReadAction\",\"target\":[\"https:\\\/\\\/inzynier.rzeszow.pl\\\/index.php\\\/2025\\\/12\\\/29\\\/rozstrzygniecie-konkursu-plastycznego-kartka-swiateczna-wielkanocna-2025-2\\\/\"]}]},{\"@type\":\"ImageObject\",\"inLanguage\":\"pl-PL\",\"@id\":\"https:\\\/\\\/inzynier.rzeszow.pl\\\/index.php\\\/2025\\\/12\\\/29\\\/rozstrzygniecie-konkursu-plastycznego-kartka-swiateczna-wielkanocna-2025-2\\\/#primaryimage\",\"url\":\"https:\\\/\\\/inzynier.rzeszow.pl\\\/wp-content\\\/uploads\\\/2025\\\/12\\\/2025-04-11_Anna_kartka_wielkanoc_25.jpg\",\"contentUrl\":\"https:\\\/\\\/inzynier.rzeszow.pl\\\/wp-content\\\/uploads\\\/2025\\\/12\\\/2025-04-11_Anna_kartka_wielkanoc_25.jpg\",\"width\":1653,\"height\":2338},{\"@type\":\"BreadcrumbList\",\"@id\":\"https:\\\/\\\/inzynier.rzeszow.pl\\\/index.php\\\/2025\\\/12\\\/29\\\/rozstrzygniecie-konkursu-plastycznego-kartka-swiateczna-wielkanocna-2025-2\\\/#breadcrumb\",\"itemListElement\":[{\"@type\":\"ListItem\",\"position\":1,\"name\":\"Strona g\u0142\u00f3wna\",\"item\":\"https:\\\/\\\/inzynier.rzeszow.pl\\\/\"},{\"@type\":\"ListItem\",\"position\":2,\"name\":\"Rozstrzygni\u0119cie konkursu plastycznego Kartka \u015bwi\u0105teczna Wielkanocna &#8211; 2025\"}]},{\"@type\":\"WebSite\",\"@id\":\"https:\\\/\\\/inzynier.rzeszow.pl\\\/#website\",\"url\":\"https:\\\/\\\/inzynier.rzeszow.pl\\\/\",\"name\":\"Podkarpacka Okregowa Izba Inzynierow Budownictwa\",\"description\":\"\",\"potentialAction\":[{\"@type\":\"SearchAction\",\"target\":{\"@type\":\"EntryPoint\",\"urlTemplate\":\"https:\\\/\\\/inzynier.rzeszow.pl\\\/?s={search_term_string}\"},\"query-input\":{\"@type\":\"PropertyValueSpecification\",\"valueRequired\":true,\"valueName\":\"search_term_string\"}}],\"inLanguage\":\"pl-PL\"},{\"@type\":\"Person\",\"@id\":\"https:\\\/\\\/inzynier.rzeszow.pl\\\/#\\\/schema\\\/person\\\/299f9f1bff7f4c594e213fe2c543f46e\",\"name\":\"Szymon Szl\u0119k\",\"image\":{\"@type\":\"ImageObject\",\"inLanguage\":\"pl-PL\",\"@id\":\"https:\\\/\\\/secure.gravatar.com\\\/avatar\\\/80846f52287d8ee14a58895d1dec9cad94720a352b8e7b9218e21dd6f728e124?s=96&d=mm&r=g\",\"url\":\"https:\\\/\\\/secure.gravatar.com\\\/avatar\\\/80846f52287d8ee14a58895d1dec9cad94720a352b8e7b9218e21dd6f728e124?s=96&d=mm&r=g\",\"contentUrl\":\"https:\\\/\\\/secure.gravatar.com\\\/avatar\\\/80846f52287d8ee14a58895d1dec9cad94720a352b8e7b9218e21dd6f728e124?s=96&d=mm&r=g\",\"caption\":\"Szymon Szl\u0119k\"},\"url\":\"https:\\\/\\\/inzynier.rzeszow.pl\\\/index.php\\\/author\\\/sszlek\\\/\"}]}<\/script>\n<!-- \/ Yoast SEO plugin. -->","yoast_head_json":{"title":"Rozstrzygni\u0119cie konkursu plastycznego Kartka \u015bwi\u0105teczna Wielkanocna - 2025 - Podkarpacka Okregowa Izba Inzynierow Budownictwa","robots":{"index":"index","follow":"follow","max-snippet":"max-snippet:-1","max-image-preview":"max-image-preview:large","max-video-preview":"max-video-preview:-1"},"canonical":"https:\/\/inzynier.rzeszow.pl\/index.php\/2025\/12\/29\/rozstrzygniecie-konkursu-plastycznego-kartka-swiateczna-wielkanocna-2025-2\/","og_locale":"pl_PL","og_type":"article","og_title":"Rozstrzygni\u0119cie konkursu plastycznego Kartka \u015bwi\u0105teczna Wielkanocna - 2025 - Podkarpacka Okregowa Izba Inzynierow Budownictwa","og_description":"Zapraszamy wszystkie dzieci i wnucz\u0119ta cz\u0142onk\u00f3w Podkarpackiej Okr\u0119gowej Izby In\u017cynier\u00f3w Budownictwa do udzia\u0142u w tegorocznej edycji konkursu plastycznego pt. \u201eKartka \u015bwi\u0105teczna Wielkanocna \u2013 2025\u201d! To wspania\u0142a okazja, by rozwija\u0107 artystyczne pasje i wsp\u00f3lnie wprowadzi\u0107 si\u0119 w radosny klimat nadchodz\u0105cej Wielkanocy. Czekamy na prace wykonane samodzielnie przez m\u0142odych tw\u00f3rc\u00f3w w wieku od 3 do 12 lat, a na autora najpi\u0119kniejszego dzie\u0142a czeka atrakcyjna nagroda rzeczowa! Zach\u0119camy do kreatywnej zabawy i podj\u0119cia tego artystycznego wyzwania. Sprawd\u017acie dok\u0142adne informacje o terminach","og_url":"https:\/\/inzynier.rzeszow.pl\/index.php\/2025\/12\/29\/rozstrzygniecie-konkursu-plastycznego-kartka-swiateczna-wielkanocna-2025-2\/","og_site_name":"Podkarpacka Okregowa Izba Inzynierow Budownictwa","article_published_time":"2025-12-29T09:14:41+00:00","article_modified_time":"2026-03-14T11:22:56+00:00","og_image":[{"width":1653,"height":2338,"url":"https:\/\/inzynier.rzeszow.pl\/wp-content\/uploads\/2025\/12\/2025-04-11_Anna_kartka_wielkanoc_25.jpg","type":"image\/jpeg"}],"author":"Szymon Szl\u0119k","twitter_card":"summary_large_image","twitter_misc":{"Napisane przez":"Szymon Szl\u0119k","Szacowany czas czytania":"2 minuty"},"schema":{"@context":"https:\/\/schema.org","@graph":[{"@type":"Article","@id":"https:\/\/inzynier.rzeszow.pl\/index.php\/2025\/12\/29\/rozstrzygniecie-konkursu-plastycznego-kartka-swiateczna-wielkanocna-2025-2\/#article","isPartOf":{"@id":"https:\/\/inzynier.rzeszow.pl\/index.php\/2025\/12\/29\/rozstrzygniecie-konkursu-plastycznego-kartka-swiateczna-wielkanocna-2025-2\/"},"author":{"name":"Szymon Szl\u0119k","@id":"https:\/\/inzynier.rzeszow.pl\/#\/schema\/person\/299f9f1bff7f4c594e213fe2c543f46e"},"headline":"Rozstrzygni\u0119cie konkursu plastycznego Kartka \u015bwi\u0105teczna Wielkanocna &#8211; 2025","datePublished":"2025-12-29T09:14:41+00:00","dateModified":"2026-03-14T11:22:56+00:00","mainEntityOfPage":{"@id":"https:\/\/inzynier.rzeszow.pl\/index.php\/2025\/12\/29\/rozstrzygniecie-konkursu-plastycznego-kartka-swiateczna-wielkanocna-2025-2\/"},"wordCount":162,"image":{"@id":"https:\/\/inzynier.rzeszow.pl\/index.php\/2025\/12\/29\/rozstrzygniecie-konkursu-plastycznego-kartka-swiateczna-wielkanocna-2025-2\/#primaryimage"},"thumbnailUrl":"https:\/\/inzynier.rzeszow.pl\/wp-content\/uploads\/2025\/12\/2025-04-11_Anna_kartka_wielkanoc_25.jpg","articleSection":["Kartka \u015bwi\u0105teczna Wielkanocna","Z \u017cycia izby"],"inLanguage":"pl-PL"},{"@type":"WebPage","@id":"https:\/\/inzynier.rzeszow.pl\/index.php\/2025\/12\/29\/rozstrzygniecie-konkursu-plastycznego-kartka-swiateczna-wielkanocna-2025-2\/","url":"https:\/\/inzynier.rzeszow.pl\/index.php\/2025\/12\/29\/rozstrzygniecie-konkursu-plastycznego-kartka-swiateczna-wielkanocna-2025-2\/","name":"Rozstrzygni\u0119cie konkursu plastycznego Kartka \u015bwi\u0105teczna Wielkanocna - 2025 - Podkarpacka Okregowa Izba Inzynierow Budownictwa","isPartOf":{"@id":"https:\/\/inzynier.rzeszow.pl\/#website"},"primaryImageOfPage":{"@id":"https:\/\/inzynier.rzeszow.pl\/index.php\/2025\/12\/29\/rozstrzygniecie-konkursu-plastycznego-kartka-swiateczna-wielkanocna-2025-2\/#primaryimage"},"image":{"@id":"https:\/\/inzynier.rzeszow.pl\/index.php\/2025\/12\/29\/rozstrzygniecie-konkursu-plastycznego-kartka-swiateczna-wielkanocna-2025-2\/#primaryimage"},"thumbnailUrl":"https:\/\/inzynier.rzeszow.pl\/wp-content\/uploads\/2025\/12\/2025-04-11_Anna_kartka_wielkanoc_25.jpg","datePublished":"2025-12-29T09:14:41+00:00","dateModified":"2026-03-14T11:22:56+00:00","author":{"@id":"https:\/\/inzynier.rzeszow.pl\/#\/schema\/person\/299f9f1bff7f4c594e213fe2c543f46e"},"breadcrumb":{"@id":"https:\/\/inzynier.rzeszow.pl\/index.php\/2025\/12\/29\/rozstrzygniecie-konkursu-plastycznego-kartka-swiateczna-wielkanocna-2025-2\/#breadcrumb"},"inLanguage":"pl-PL","potentialAction":[{"@type":"ReadAction","target":["https:\/\/inzynier.rzeszow.pl\/index.php\/2025\/12\/29\/rozstrzygniecie-konkursu-plastycznego-kartka-swiateczna-wielkanocna-2025-2\/"]}]},{"@type":"ImageObject","inLanguage":"pl-PL","@id":"https:\/\/inzynier.rzeszow.pl\/index.php\/2025\/12\/29\/rozstrzygniecie-konkursu-plastycznego-kartka-swiateczna-wielkanocna-2025-2\/#primaryimage","url":"https:\/\/inzynier.rzeszow.pl\/wp-content\/uploads\/2025\/12\/2025-04-11_Anna_kartka_wielkanoc_25.jpg","contentUrl":"https:\/\/inzynier.rzeszow.pl\/wp-content\/uploads\/2025\/12\/2025-04-11_Anna_kartka_wielkanoc_25.jpg","width":1653,"height":2338},{"@type":"BreadcrumbList","@id":"https:\/\/inzynier.rzeszow.pl\/index.php\/2025\/12\/29\/rozstrzygniecie-konkursu-plastycznego-kartka-swiateczna-wielkanocna-2025-2\/#breadcrumb","itemListElement":[{"@type":"ListItem","position":1,"name":"Strona g\u0142\u00f3wna","item":"https:\/\/inzynier.rzeszow.pl\/"},{"@type":"ListItem","position":2,"name":"Rozstrzygni\u0119cie konkursu plastycznego Kartka \u015bwi\u0105teczna Wielkanocna &#8211; 2025"}]},{"@type":"WebSite","@id":"https:\/\/inzynier.rzeszow.pl\/#website","url":"https:\/\/inzynier.rzeszow.pl\/","name":"Podkarpacka Okregowa Izba Inzynierow Budownictwa","description":"","potentialAction":[{"@type":"SearchAction","target":{"@type":"EntryPoint","urlTemplate":"https:\/\/inzynier.rzeszow.pl\/?s={search_term_string}"},"query-input":{"@type":"PropertyValueSpecification","valueRequired":true,"valueName":"search_term_string"}}],"inLanguage":"pl-PL"},{"@type":"Person","@id":"https:\/\/inzynier.rzeszow.pl\/#\/schema\/person\/299f9f1bff7f4c594e213fe2c543f46e","name":"Szymon Szl\u0119k","image":{"@type":"ImageObject","inLanguage":"pl-PL","@id":"https:\/\/secure.gravatar.com\/avatar\/80846f52287d8ee14a58895d1dec9cad94720a352b8e7b9218e21dd6f728e124?s=96&d=mm&r=g","url":"https:\/\/secure.gravatar.com\/avatar\/80846f52287d8ee14a58895d1dec9cad94720a352b8e7b9218e21dd6f728e124?s=96&d=mm&r=g","contentUrl":"https:\/\/secure.gravatar.com\/avatar\/80846f52287d8ee14a58895d1dec9cad94720a352b8e7b9218e21dd6f728e124?s=96&d=mm&r=g","caption":"Szymon Szl\u0119k"},"url":"https:\/\/inzynier.rzeszow.pl\/index.php\/author\/sszlek\/"}]}},"rttpg_featured_image_url":{"full":["https:\/\/inzynier.rzeszow.pl\/wp-content\/uploads\/2025\/12\/2025-04-11_Anna_kartka_wielkanoc_25.jpg",1653,2338,false],"landscape":["https:\/\/inzynier.rzeszow.pl\/wp-content\/uploads\/2025\/12\/2025-04-11_Anna_kartka_wielkanoc_25.jpg",1653,2338,false],"portraits":["https:\/\/inzynier.rzeszow.pl\/wp-content\/uploads\/2025\/12\/2025-04-11_Anna_kartka_wielkanoc_25.jpg",1653,2338,false],"thumbnail":["https:\/\/inzynier.rzeszow.pl\/wp-content\/uploads\/2025\/12\/2025-04-11_Anna_kartka_wielkanoc_25-150x150.jpg",150,150,true],"medium":["https:\/\/inzynier.rzeszow.pl\/wp-content\/uploads\/2025\/12\/2025-04-11_Anna_kartka_wielkanoc_25-212x300.jpg",212,300,true],"large":["https:\/\/inzynier.rzeszow.pl\/wp-content\/uploads\/2025\/12\/2025-04-11_Anna_kartka_wielkanoc_25-724x1024.jpg",724,1024,true],"1536x1536":["https:\/\/inzynier.rzeszow.pl\/wp-content\/uploads\/2025\/12\/2025-04-11_Anna_kartka_wielkanoc_25-1086x1536.jpg",1086,1536,true],"2048x2048":["https:\/\/inzynier.rzeszow.pl\/wp-content\/uploads\/2025\/12\/2025-04-11_Anna_kartka_wielkanoc_25-1448x2048.jpg",1448,2048,true]},"rttpg_author":{"display_name":"Szymon Szl\u0119k","author_link":"https:\/\/inzynier.rzeszow.pl\/index.php\/author\/sszlek\/"},"rttpg_comment":0,"rttpg_category":"<a href=\"https:\/\/inzynier.rzeszow.pl\/index.php\/category\/konkursy-pdk-oiib\/kartka-swiateczna-wielkanocna\/\" rel=\"category tag\">Kartka \u015bwi\u0105teczna Wielkanocna<\/a> <a href=\"https:\/\/inzynier.rzeszow.pl\/index.php\/category\/z-zycia-izby\/\" rel=\"category tag\">Z \u017cycia izby<\/a>","rttpg_excerpt":"Zapraszamy wszystkie dzieci i wnucz\u0119ta cz\u0142onk\u00f3w Podkarpackiej Okr\u0119gowej Izby In\u017cynier\u00f3w Budownictwa do udzia\u0142u w tegorocznej edycji konkursu plastycznego pt. \u201eKartka \u015bwi\u0105teczna Wielkanocna \u2013 2025\u201d! To wspania\u0142a okazja, by rozwija\u0107 artystyczne pasje i wsp\u00f3lnie wprowadzi\u0107 si\u0119 w radosny klimat nadchodz\u0105cej Wielkanocy. Czekamy na prace wykonane samodzielnie przez m\u0142odych tw\u00f3rc\u00f3w w wieku od 3 do 12 lat,&hellip;","_links":{"self":[{"href":"https:\/\/inzynier.rzeszow.pl\/index.php\/wp-json\/wp\/v2\/posts\/1547","targetHints":{"allow":["GET"]}}],"collection":[{"href":"https:\/\/inzynier.rzeszow.pl\/index.php\/wp-json\/wp\/v2\/posts"}],"about":[{"href":"https:\/\/inzynier.rzeszow.pl\/index.php\/wp-json\/wp\/v2\/types\/post"}],"author":[{"embeddable":true,"href":"https:\/\/inzynier.rzeszow.pl\/index.php\/wp-json\/wp\/v2\/users\/2"}],"replies":[{"embeddable":true,"href":"https:\/\/inzynier.rzeszow.pl\/index.php\/wp-json\/wp\/v2\/comments?post=1547"}],"version-history":[{"count":7,"href":"https:\/\/inzynier.rzeszow.pl\/index.php\/wp-json\/wp\/v2\/posts\/1547\/revisions"}],"predecessor-version":[{"id":6510,"href":"https:\/\/inzynier.rzeszow.pl\/index.php\/wp-json\/wp\/v2\/posts\/1547\/revisions\/6510"}],"wp:featuredmedia":[{"embeddable":true,"href":"https:\/\/inzynier.rzeszow.pl\/index.php\/wp-json\/wp\/v2\/media\/1548"}],"wp:attachment":[{"href":"https:\/\/inzynier.rzeszow.pl\/index.php\/wp-json\/wp\/v2\/media?parent=1547"}],"wp:term":[{"taxonomy":"category","embeddable":true,"href":"https:\/\/inzynier.rzeszow.pl\/index.php\/wp-json\/wp\/v2\/categories?post=1547"},{"taxonomy":"post_tag","embeddable":true,"href":"https:\/\/inzynier.rzeszow.pl\/index.php\/wp-json\/wp\/v2\/tags?post=1547"}],"curies":[{"name":"wp","href":"https:\/\/api.w.org\/{rel}","templated":true}]}}